{"id":99,"date":"2017-02-15T13:03:00","date_gmt":"2017-02-15T12:03:00","guid":{"rendered":"http:\/\/velo-utile.fr\/blog02\/index.php\/2017\/02\/15\/20170215le-forum-du-voyage-a-velo-osez-partir-a-velo\/"},"modified":"2025-12-15T18:04:14","modified_gmt":"2025-12-15T17:04:14","slug":"20170215le-forum-du-voyage-a-velo-osez-partir-a-velo","status":"publish","type":"post","link":"https:\/\/velo-utile.fr\/site\/2017\/02\/20170215le-forum-du-voyage-a-velo-osez-partir-a-velo\/","title":{"rendered":"Forum du voyage \u00e0 v\u00e9lo \u00ab\u00a0Osez partir \u00e0 v\u00e9lo !\u00a0\u00bb, 3eme \u00e9dition, mars 2017"},"content":{"rendered":"<p>Le <strong>dimanche 26 mars 2017<\/strong> viens rencontrer des voyageurs \u00e0 v\u00e9lo et sortir du classique M\u00e9tro-Boulot-Dodo. Viens partager un petit caf\u00e9, nous aborderons le th\u00e8me du voyage avec convivialit\u00e9! Viens pointer ton nez sous le d\u00e9railleur et appr\u00e9cier \u00e0 ta mani\u00e8re le luxe de la lenteur.<\/p>\n<p>Viens tout simplement \u00e0 <strong>l&rsquo;I.U.T. du Campus Mazier<\/strong>, nous ferons en sorte que ta journ\u00e9e soit enthousiasm\u00e9e.<\/p>\n<p>Le compte <a href=\"https:\/\/www.facebook.com\/3i%C3%A8me-forum-du-voyage-%C3%A0-v%C3%A9lo-Osez-Partir-A-V%C3%A9lo-V%C3%A9lo-Utile-St-Brieuc-162775147552831\/\" target=\"_blank\">Facebook d\u00e9di\u00e9<\/a> et <a href=\"https:\/\/www.facebook.com\/events\/187573385061468\/\" target=\"_blank\">l&rsquo;\u00e9v\u00e9nement Facebook du forum 2017<\/a><\/p>\n<p><strong>A retenir :<br \/>\n<\/strong><\/p>\n<ul>\n<li>Dimanche <strong>26 mars 2017<\/strong> &gt; <strong>10H \u00e0 17H<\/strong> &gt; <strong>I.U.T. de St-Brieuc<\/strong><\/li>\n<li>Entr\u00e9e gratuite<\/li>\n<li>Restauration sur place (cuisine d&rsquo;Outre-Mer)<\/li>\n<li>T\u00e9l\u00e9charge le <strong><a href=\"http:\/\/velo-utile.fr\/site\/wp-content\/uploads\/import\/ProgrammeForum2017.pdf\" target=\"_blank\">Programme Forum 2017<\/a><\/strong><\/li>\n<\/ul>\n<p>&nbsp;<\/p>\n<p><img loading=\"lazy\" decoding=\"async\" class=\"wp-image-448 size-full alignleft\" src=\"http:\/\/velo-utile.fr\/site\/wp-content\/uploads\/import\/ProgrammeForum2017page1.jpg\" alt=\"\" width=\"582\" height=\"826\" \/><\/p>\n","protected":false},"excerpt":{"rendered":"<p>Viens rencontrer des voyageurs \u00e0 v\u00e9, et sortir du classique M\u00e9tro-Boulot-Dodo.Viens partager un petit caf\u00e9, nous aborderons le th\u00e8me du voyage avec convivialit\u00e9.Viens pointer ton nez sous le d\u00e9railleur,et appr\u00e9cier \u00e0 ta  mani\u00e8re le luxe de la lenteur.Viens tout simplement \u00e0 l&rsquo;I.U.T. du Campus Mazier, nous ferons en sorte que ta journ\u00e9e soit enthousiasm\u00e9e. > Le compte [Facebook d\u00e9di\u00e9|https:\/\/www.facebook.com\/3i%C3%A8me-forum-du-voyage-%C3%A0-v%C3%A9lo-Osez-Partir-A-V%C3%A9lo-V%C3%A9lo-Utile-St-Brieuc-162775147552831\/|fr|Forum Voyage Velo 2017] et [l&rsquo;\u00e9v\u00e9nement Facebook du forum 2017|https:\/\/www.facebook.com\/events\/187573385061468\/|fr|Le forum du voyage \u00e0 v\u00e9lo \u00ab\u00a0Osez partir \u00e0 v\u00e9lo]((\/public\/articles_Animation\/ForumVoyageVelo2017\/.AfficheForumVoyageVelo2017_sq.jpg|AfficheForumVoyageVelo2017.jpg|L|AfficheForumVoyageVelo2017.jpg, f\u00e9v. 2017))          [((\/public\/articles_Animation\/ForumVoyageVelo2017\/.ProgrammeForum2017page2_sq.jpg|ProgrammeForum2017page2.jpg|L|ProgrammeForum2017page2.jpg, mar. 2017))|\/public\/articles_Animation\/ForumVoyageVelo2017\/ProgrammeForum2017page2.jpg||ProgrammeForum2017page2.jpg]         [((\/public\/articles_Animation\/ForumVoyageVelo2017\/.ProgrammeForum2017page3_sq.jpg|ProgrammeForum2017page3.jpg|L|ProgrammeForum2017page3.jpg, mar. 2017))|\/public\/articles_Animation\/ForumVoyageVelo2017\/ProgrammeForum2017page3.jpg||ProgrammeForum2017page3.jpg] > T\u00e9l\u00e9charger le flyer avec [LA PROGRAMMATION|\/public\/articles_Animation\/ForumVoyageVelo2017\/ProgrammeForum2017.pdf|fr|ProgrammeForum2017] (format .pdf )<\/p>\n","protected":false},"author":22,"featured_media":300,"comment_status":"closed","ping_status":"closed","sticky":false,"template":"","format":"standard","meta":{"footnotes":""},"categories":[15],"tags":[],"class_list":["post-99","post","type-post","status-publish","format-standard","has-post-thumbnail","hentry","category-forum-osez-partir"],"_links":{"self":[{"href":"https:\/\/velo-utile.fr\/site\/wp-json\/wp\/v2\/posts\/99","targetHints":{"allow":["GET"]}}],"collection":[{"href":"https:\/\/velo-utile.fr\/site\/wp-json\/wp\/v2\/posts"}],"about":[{"href":"https:\/\/velo-utile.fr\/site\/wp-json\/wp\/v2\/types\/post"}],"author":[{"embeddable":true,"href":"https:\/\/velo-utile.fr\/site\/wp-json\/wp\/v2\/users\/22"}],"replies":[{"embeddable":true,"href":"https:\/\/velo-utile.fr\/site\/wp-json\/wp\/v2\/comments?post=99"}],"version-history":[{"count":18,"href":"https:\/\/velo-utile.fr\/site\/wp-json\/wp\/v2\/posts\/99\/revisions"}],"predecessor-version":[{"id":640,"href":"https:\/\/velo-utile.fr\/site\/wp-json\/wp\/v2\/posts\/99\/revisions\/640"}],"wp:featuredmedia":[{"embeddable":true,"href":"https:\/\/velo-utile.fr\/site\/wp-json\/wp\/v2\/media\/300"}],"wp:attachment":[{"href":"https:\/\/velo-utile.fr\/site\/wp-json\/wp\/v2\/media?parent=99"}],"wp:term":[{"taxonomy":"category","embeddable":true,"href":"https:\/\/velo-utile.fr\/site\/wp-json\/wp\/v2\/categories?post=99"},{"taxonomy":"post_tag","embeddable":true,"href":"https:\/\/velo-utile.fr\/site\/wp-json\/wp\/v2\/tags?post=99"}],"curies":[{"name":"wp","href":"https:\/\/api.w.org\/{rel}","templated":true}]}}