{"id":93,"date":"2016-10-05T18:11:00","date_gmt":"2016-10-05T18:11:00","guid":{"rendered":"http:\/\/velo-utile.fr\/blog02\/index.php\/2016\/10\/05\/20161005banc-public-balade-cyclo-projetee\/"},"modified":"2025-12-16T17:32:43","modified_gmt":"2025-12-16T16:32:43","slug":"20161005banc-public-balade-cyclo-projetee","status":"publish","type":"post","link":"https:\/\/velo-utile.fr\/site\/2016\/10\/20161005banc-public-balade-cyclo-projetee\/","title":{"rendered":"Banc Public &#8211; Balade cyclo-projet\u00e9e"},"content":{"rendered":"\n<p>!!!Philippe C. nous propose un retour en photos sur la ballade cyclo-projet\u00e9e du 7 octobre<\/p>\n\n\n\n<p> \u00ab\u00a0De la po\u00e9sie et de l&rsquo;humour&#8230; Du Banc Public \u00e0 la selle de leur v\u00e9lo, une nouvelle fois, ceux qui ont enfourch\u00e9 la bicyclette en ville ont profit\u00e9 d&rsquo;instants inestimables.<\/p>\n\n\n\n<figure class=\"wp-block-image size-full\"><img loading=\"lazy\" decoding=\"async\" width=\"960\" height=\"720\" src=\"https:\/\/velo-utile.fr\/site\/wp-content\/uploads\/import\/RetourBalladeCycloProjeteeOct2016A.jpg\" alt=\"\" class=\"wp-image-461\" srcset=\"https:\/\/velo-utile.fr\/site\/wp-content\/uploads\/import\/RetourBalladeCycloProjeteeOct2016A.jpg 960w, https:\/\/velo-utile.fr\/site\/wp-content\/uploads\/import\/RetourBalladeCycloProjeteeOct2016A-600x450.jpg 600w\" sizes=\"auto, (max-width: 960px) 100vw, 960px\" \/><\/figure>\n\n\n\n<!--more-->\n\n\n\n<figure class=\"wp-block-image size-full\"><img loading=\"lazy\" decoding=\"async\" width=\"960\" height=\"720\" src=\"https:\/\/velo-utile.fr\/site\/wp-content\/uploads\/import\/RetourBalladeCycloProjeteeOct2016B.jpg\" alt=\"\" class=\"wp-image-462\" srcset=\"https:\/\/velo-utile.fr\/site\/wp-content\/uploads\/import\/RetourBalladeCycloProjeteeOct2016B.jpg 960w, https:\/\/velo-utile.fr\/site\/wp-content\/uploads\/import\/RetourBalladeCycloProjeteeOct2016B-600x450.jpg 600w\" sizes=\"auto, (max-width: 960px) 100vw, 960px\" \/><\/figure>\n\n\n\n<figure class=\"wp-block-image size-full\"><img loading=\"lazy\" decoding=\"async\" width=\"960\" height=\"720\" src=\"https:\/\/velo-utile.fr\/site\/wp-content\/uploads\/import\/RetourBalladeCycloProjeteeOct2016C.jpg\" alt=\"\" class=\"wp-image-463\" srcset=\"https:\/\/velo-utile.fr\/site\/wp-content\/uploads\/import\/RetourBalladeCycloProjeteeOct2016C.jpg 960w, https:\/\/velo-utile.fr\/site\/wp-content\/uploads\/import\/RetourBalladeCycloProjeteeOct2016C-600x450.jpg 600w\" sizes=\"auto, (max-width: 960px) 100vw, 960px\" \/><\/figure>\n\n\n\n<figure class=\"wp-block-image size-full\"><img loading=\"lazy\" decoding=\"async\" width=\"960\" height=\"720\" src=\"https:\/\/velo-utile.fr\/site\/wp-content\/uploads\/import\/RetourBalladeCycloProjeteeOct2016D.jpg\" alt=\"\" class=\"wp-image-464\" srcset=\"https:\/\/velo-utile.fr\/site\/wp-content\/uploads\/import\/RetourBalladeCycloProjeteeOct2016D.jpg 960w, https:\/\/velo-utile.fr\/site\/wp-content\/uploads\/import\/RetourBalladeCycloProjeteeOct2016D-600x450.jpg 600w\" sizes=\"auto, (max-width: 960px) 100vw, 960px\" \/><\/figure>\n\n\n\n<figure class=\"wp-block-image size-full\"><img loading=\"lazy\" decoding=\"async\" width=\"960\" height=\"720\" src=\"https:\/\/velo-utile.fr\/site\/wp-content\/uploads\/import\/RetourBalladeCycloProjeteeOct2016F.jpg\" alt=\"\" class=\"wp-image-466\" srcset=\"https:\/\/velo-utile.fr\/site\/wp-content\/uploads\/import\/RetourBalladeCycloProjeteeOct2016F.jpg 960w, https:\/\/velo-utile.fr\/site\/wp-content\/uploads\/import\/RetourBalladeCycloProjeteeOct2016F-600x450.jpg 600w\" sizes=\"auto, (max-width: 960px) 100vw, 960px\" \/><\/figure>\n\n\n\n<figure class=\"wp-block-image size-full\"><img loading=\"lazy\" decoding=\"async\" width=\"960\" height=\"720\" src=\"https:\/\/velo-utile.fr\/site\/wp-content\/uploads\/import\/RetourBalladeCycloProjeteeOct2016G.jpg\" alt=\"\" class=\"wp-image-467\" srcset=\"https:\/\/velo-utile.fr\/site\/wp-content\/uploads\/import\/RetourBalladeCycloProjeteeOct2016G.jpg 960w, https:\/\/velo-utile.fr\/site\/wp-content\/uploads\/import\/RetourBalladeCycloProjeteeOct2016G-600x450.jpg 600w\" sizes=\"auto, (max-width: 960px) 100vw, 960px\" \/><\/figure>\n\n\n\n<figure class=\"wp-block-image size-full\"><img loading=\"lazy\" decoding=\"async\" width=\"960\" height=\"720\" src=\"https:\/\/velo-utile.fr\/site\/wp-content\/uploads\/import\/RetourBalladeCycloProjeteeOct2016H.jpg\" alt=\"\" class=\"wp-image-468\" srcset=\"https:\/\/velo-utile.fr\/site\/wp-content\/uploads\/import\/RetourBalladeCycloProjeteeOct2016H.jpg 960w, https:\/\/velo-utile.fr\/site\/wp-content\/uploads\/import\/RetourBalladeCycloProjeteeOct2016H-600x450.jpg 600w\" sizes=\"auto, (max-width: 960px) 100vw, 960px\" \/><\/figure>\n\n\n\n<figure class=\"wp-block-image size-full\"><img loading=\"lazy\" decoding=\"async\" width=\"960\" height=\"720\" src=\"https:\/\/velo-utile.fr\/site\/wp-content\/uploads\/import\/RetourBalladeCycloProjeteeOct2016I.jpg\" alt=\"\" class=\"wp-image-469\" srcset=\"https:\/\/velo-utile.fr\/site\/wp-content\/uploads\/import\/RetourBalladeCycloProjeteeOct2016I.jpg 960w, https:\/\/velo-utile.fr\/site\/wp-content\/uploads\/import\/RetourBalladeCycloProjeteeOct2016I-600x450.jpg 600w\" sizes=\"auto, (max-width: 960px) 100vw, 960px\" \/><\/figure>\n\n\n\n<figure class=\"wp-block-image size-full\"><img loading=\"lazy\" decoding=\"async\" width=\"960\" height=\"720\" src=\"https:\/\/velo-utile.fr\/site\/wp-content\/uploads\/import\/RetourBalladeCycloProjeteeOct2016K.jpg\" alt=\"\" class=\"wp-image-470\" srcset=\"https:\/\/velo-utile.fr\/site\/wp-content\/uploads\/import\/RetourBalladeCycloProjeteeOct2016K.jpg 960w, https:\/\/velo-utile.fr\/site\/wp-content\/uploads\/import\/RetourBalladeCycloProjeteeOct2016K-600x450.jpg 600w\" sizes=\"auto, (max-width: 960px) 100vw, 960px\" \/><\/figure>\n\n\n\n<p>En partenariat avec l'[UFFEJ Bretagne|http:\/\/uffejbretagne.net\/|fr|uffejbretagne.net], (Union Fran\u00e7aise du Film pour l&rsquo;Enfance et la Jeunesse), association d&rsquo;\u00e9ducation \u00e0 l&rsquo;image et de d\u00e9couverte du cin\u00e9ma.<br><\/p>\n\n\n\n<p><br>Dans le cadre du festival Banc Public <\/p>\n\n\n\n<p>http:\/\/www.bancpublic.org\/<\/p>\n\n\n\n<p>V\u00e9lo Utile organise une balade cyclo-projet\u00e9e: une promenade \u00e0 v\u00e9lo urbaine avec projection de courts-m\u00e9trages (sur le th\u00e8me du&#8230; v\u00e9lo bien s\u00fbr!) sur les murs de la ville. Ouvert \u00e0 tou(te)s et rythme tranquille, n&rsquo;oubliez pas votre \u00e9clairage et votre gilet fluo! <\/p>\n\n\n\n<p>Dur\u00e9e: 1h environ.<\/p>\n","protected":false},"excerpt":{"rendered":"<p>!!!Philippe C. nous propose un retour en photos sur la ballade cyclo-projet\u00e9e du 7 octobre> \u00ab\u00a0De la po\u00e9sie et de l&rsquo;humour&#8230; Du Banc Public \u00e0 la selle de leur v\u00e9lo, une nouvelle fois, ceux qui ont enfourch\u00e9 la bicyclette en ville ont profit\u00e9 d&rsquo;instants inestimables.\u00a0\u00bb%%%[((\/public\/articles_Animation\/BancPublic2016\/.RetourBalladeCycloProjeteeOct2016A_sq.jpg|RetourBalladeCycloProjeteeOct2016A.jpg|L|RetourBalladeCycloProjeteeOct2016A.jpg, oct. 2016))|\/public\/articles_Animation\/BancPublic2016\/RetourBalladeCycloProjeteeOct2016A.jpg||RetourBalladeCycloProjeteeOct2016A.jpg] [((\/public\/articles_Animation\/BancPublic2016\/.RetourBalladeCycloProjeteeOct2016B_sq.jpg|RetourBalladeCycloProjeteeOct2016B.jpg|L|RetourBalladeCycloProjeteeOct2016B.jpg, oct. 2016))|\/public\/articles_Animation\/BancPublic2016\/RetourBalladeCycloProjeteeOct2016B.jpg||RetourBalladeCycloProjeteeOct2016B.jpg]  [((\/public\/articles_Animation\/BancPublic2016\/.RetourBalladeCycloProjeteeOct2016C_sq.jpg|RetourBalladeCycloProjeteeOct2016C.jpg|L|RetourBalladeCycloProjeteeOct2016C.jpg, oct. 2016))|\/public\/articles_Animation\/BancPublic2016\/RetourBalladeCycloProjeteeOct2016C.jpg||RetourBalladeCycloProjeteeOct2016C.jpg]  [((\/public\/articles_Animation\/BancPublic2016\/.RetourBalladeCycloProjeteeOct2016D_sq.jpg|RetourBalladeCycloProjeteeOct2016D.jpg|L|RetourBalladeCycloProjeteeOct2016D.jpg, oct. 2016))|\/public\/articles_Animation\/BancPublic2016\/RetourBalladeCycloProjeteeOct2016D.jpg||RetourBalladeCycloProjeteeOct2016D.jpg]  [((\/public\/articles_Animation\/BancPublic2016\/.RetourBalladeCycloProjeteeOct2016E_sq.jpg|RetourBalladeCycloProjeteeOct2016E.jpg|L|RetourBalladeCycloProjeteeOct2016E.jpg, oct. 2016))|\/public\/articles_Animation\/BancPublic2016\/RetourBalladeCycloProjeteeOct2016E.jpg||RetourBalladeCycloProjeteeOct2016E.jpg]  [((\/public\/articles_Animation\/BancPublic2016\/.RetourBalladeCycloProjeteeOct2016F_sq.jpg|RetourBalladeCycloProjeteeOct2016F.jpg|L|RetourBalladeCycloProjeteeOct2016F.jpg, oct. 2016))|\/public\/articles_Animation\/BancPublic2016\/RetourBalladeCycloProjeteeOct2016F.jpg||RetourBalladeCycloProjeteeOct2016F.jpg]  [((\/public\/articles_Animation\/BancPublic2016\/.RetourBalladeCycloProjeteeOct2016G_sq.jpg|RetourBalladeCycloProjeteeOct2016G.jpg|L|RetourBalladeCycloProjeteeOct2016G.jpg, oct. 2016))|\/public\/articles_Animation\/BancPublic2016\/RetourBalladeCycloProjeteeOct2016G.jpg||RetourBalladeCycloProjeteeOct2016G.jpg]  [((\/public\/articles_Animation\/BancPublic2016\/.RetourBalladeCycloProjeteeOct2016H_sq.jpg|RetourBalladeCycloProjeteeOct2016H.jpg|L|RetourBalladeCycloProjeteeOct2016H.jpg, oct. 2016))|\/public\/articles_Animation\/BancPublic2016\/RetourBalladeCycloProjeteeOct2016H.jpg||RetourBalladeCycloProjeteeOct2016H.jpg]  [((\/public\/articles_Animation\/BancPublic2016\/.RetourBalladeCycloProjeteeOct2016I_sq.jpg|RetourBalladeCycloProjeteeOct2016I.jpg|L|RetourBalladeCycloProjeteeOct2016I.jpg, oct. 2016))|\/public\/articles_Animation\/BancPublic2016\/RetourBalladeCycloProjeteeOct2016I.jpg||RetourBalladeCycloProjeteeOct2016I.jpg]  [((\/public\/articles_Animation\/BancPublic2016\/.RetourBalladeCycloProjeteeOct2016K_sq.jpg|RetourBalladeCycloProjeteeOct2016K.jpg|L|RetourBalladeCycloProjeteeOct2016K.jpg, oct. 2016))|\/public\/articles_Animation\/BancPublic2016\/RetourBalladeCycloProjeteeOct2016K.jpg||RetourBalladeCycloProjeteeOct2016K.jpg] %%%En partenariat avec l'[UFFEJ Bretagne|http:\/\/uffejbretagne.net\/|fr|uffejbretagne.net], (Union Fran\u00e7aise du Film pour l&rsquo;Enfance et la Jeunesse), association d&rsquo;\u00e9ducation \u00e0 l&rsquo;image et de d\u00e9couverte du cin\u00e9ma.<\/p>\n","protected":false},"author":22,"featured_media":0,"comment_status":"closed","ping_status":"closed","sticky":false,"template":"","format":"standard","meta":{"footnotes":""},"categories":[65,1],"tags":[],"class_list":["post-93","post","type-post","status-publish","format-standard","hentry","category-animations","category-non-classe"],"_links":{"self":[{"href":"https:\/\/velo-utile.fr\/site\/wp-json\/wp\/v2\/posts\/93","targetHints":{"allow":["GET"]}}],"collection":[{"href":"https:\/\/velo-utile.fr\/site\/wp-json\/wp\/v2\/posts"}],"about":[{"href":"https:\/\/velo-utile.fr\/site\/wp-json\/wp\/v2\/types\/post"}],"author":[{"embeddable":true,"href":"https:\/\/velo-utile.fr\/site\/wp-json\/wp\/v2\/users\/22"}],"replies":[{"embeddable":true,"href":"https:\/\/velo-utile.fr\/site\/wp-json\/wp\/v2\/comments?post=93"}],"version-history":[{"count":2,"href":"https:\/\/velo-utile.fr\/site\/wp-json\/wp\/v2\/posts\/93\/revisions"}],"predecessor-version":[{"id":6057,"href":"https:\/\/velo-utile.fr\/site\/wp-json\/wp\/v2\/posts\/93\/revisions\/6057"}],"wp:attachment":[{"href":"https:\/\/velo-utile.fr\/site\/wp-json\/wp\/v2\/media?parent=93"}],"wp:term":[{"taxonomy":"category","embeddable":true,"href":"https:\/\/velo-utile.fr\/site\/wp-json\/wp\/v2\/categories?post=93"},{"taxonomy":"post_tag","embeddable":true,"href":"https:\/\/velo-utile.fr\/site\/wp-json\/wp\/v2\/tags?post=93"}],"curies":[{"name":"wp","href":"https:\/\/api.w.org\/{rel}","templated":true}]}}