{"id":92,"date":"2016-09-18T19:04:00","date_gmt":"2016-09-18T19:04:00","guid":{"rendered":"http:\/\/velo-utile.fr\/blog02\/index.php\/2016\/09\/18\/20160918alleycat-2\/"},"modified":"2025-12-30T11:28:24","modified_gmt":"2025-12-30T10:28:24","slug":"20160918alleycat-2","status":"publish","type":"post","link":"https:\/\/velo-utile.fr\/site\/2016\/09\/20160918alleycat-2\/","title":{"rendered":"Alleycat #2"},"content":{"rendered":"\n<p>Vendredi 23 sept., 20H30 23H, d\u00e9part de l&rsquo;Atelier au 29 Rue du L\u00e9gu\u00e9, Saint-Brieuc<\/p>\n\n\n\n<figure class=\"wp-block-image size-full\"><img loading=\"lazy\" decoding=\"async\" width=\"679\" height=\"960\" src=\"https:\/\/velo-utile.fr\/site\/wp-content\/uploads\/import\/14324198_1043458912439497_3976684012276899207_o.jpg\" alt=\"\" class=\"wp-image-253\" srcset=\"https:\/\/velo-utile.fr\/site\/wp-content\/uploads\/import\/14324198_1043458912439497_3976684012276899207_o.jpg 679w, https:\/\/velo-utile.fr\/site\/wp-content\/uploads\/import\/14324198_1043458912439497_3976684012276899207_o-600x848.jpg 600w\" sizes=\"auto, (max-width: 679px) 100vw, 679px\" \/><\/figure>\n\n\n\n<p>Au mois d&rsquo;avril dernier, V\u00e9lo Utile organisait la premi\u00e8re alleycat briochine.<\/p>\n\n\n\n<p>Deuxi\u00e8me \u00e9pisode le vendredi 23 septembre, venez nombreux!<\/p>\n\n\n\n<!--more-->\n\n\n\n<p style=\"font-size:53px\">Alleycat ?<\/p>\n\n\n\n<p> C&rsquo;est une course d&rsquo;orientation \u00e0 v\u00e9lo dans les rues de la ville, \u00e0 la recherche d&rsquo;indices qui aideront \u00e0 r\u00e9soudre une petite \u00e9nigme. Ce n&rsquo;est pas une course mais bien un jeu, pas besoin d&rsquo;\u00eatre un grand sportif: il suffit d&rsquo;aimer p\u00e9daler et de vouloir s&rsquo;amuser !<\/p>\n\n\n\n<p>Pour faciliter l&rsquo;organisation de cette soir\u00e9e, il est pr\u00e9f\u00e9rable de s&rsquo;inscrire \u00e0 l&rsquo;avance sur <a href=\"https:\/\/www.facebook.com\/events\/131228307332471\" target=\"_blank\" rel=\"noreferrer noopener\">l&rsquo;\u00e9v\u00e9nement facebook d\u00e9di\u00e9<\/a> ou par mail \u00e0: clement.janotXgmail.com (remplacer le X par @ )<\/p>\n\n\n\n<p>Rendez-vous \u00e0 l&rsquo;atelier vers 20h30 pour une chouette soir\u00e9e cycliste dans Saint-Brieuc (dur\u00e9e pr\u00e9vue entre 1h30 et 2h) suivie d&rsquo;un pot \u00e0 l&rsquo;atelier. <br><\/p>\n","protected":false},"excerpt":{"rendered":"<p>__Vendredi 23 sept., 20H30 23H, d\u00e9part de l&rsquo;Atelier au 29 Rue du L\u00e9gu\u00e9, Saint-Brieuc__ Au mois d&rsquo;avril dernier, V\u00e9lo Utile organisait la premi\u00e8re alleycat briochine. Deuxi\u00e8me \u00e9pisode le vendredi 23 septembre, venez nombreux! Alleycat? C&rsquo;est une course d&rsquo;orientation \u00e0 v\u00e9lo dans les rues de la ville, \u00e0 la recherche d&rsquo;indices qui aideront \u00e0 r\u00e9soudre une petite \u00e9nigme. Ce n&rsquo;est pas une course mais bien un jeu, pas besoin d&rsquo;\u00eatre un grand sportif: il suffit d&rsquo;aimer p\u00e9daler et de vouloir s&rsquo;amuser! Pour faciliter l&rsquo;organisation de cette soir\u00e9e, il est pr\u00e9f\u00e9rable de s&rsquo;inscrire \u00e0 l&rsquo;avance sur l&rsquo;\u00e9v\u00e9nement facebook d\u00e9di\u00e9 ou par mail \u00e0: clement.janotXgmail.com (remplacer le X par @ ) Rendez-vous \u00e0 l&rsquo;atelier vers 20h30 pour une chouette soir\u00e9e cycliste dans Saint-Brieuc (dur\u00e9e pr\u00e9vue entre 1h30 et 2h) suivie d&rsquo;un pot \u00e0 l&rsquo;atelier. [\u00c9v\u00e9nement Facebook sur ce lien|https:\/\/www.facebook.com\/events\/131228307332471\/|fr|Alleycat #2]<\/p>\n","protected":false},"author":22,"featured_media":0,"comment_status":"closed","ping_status":"closed","sticky":false,"template":"","format":"standard","meta":{"footnotes":""},"categories":[65],"tags":[],"class_list":["post-92","post","type-post","status-publish","format-standard","hentry","category-animations"],"_links":{"self":[{"href":"https:\/\/velo-utile.fr\/site\/wp-json\/wp\/v2\/posts\/92","targetHints":{"allow":["GET"]}}],"collection":[{"href":"https:\/\/velo-utile.fr\/site\/wp-json\/wp\/v2\/posts"}],"about":[{"href":"https:\/\/velo-utile.fr\/site\/wp-json\/wp\/v2\/types\/post"}],"author":[{"embeddable":true,"href":"https:\/\/velo-utile.fr\/site\/wp-json\/wp\/v2\/users\/22"}],"replies":[{"embeddable":true,"href":"https:\/\/velo-utile.fr\/site\/wp-json\/wp\/v2\/comments?post=92"}],"version-history":[{"count":2,"href":"https:\/\/velo-utile.fr\/site\/wp-json\/wp\/v2\/posts\/92\/revisions"}],"predecessor-version":[{"id":6077,"href":"https:\/\/velo-utile.fr\/site\/wp-json\/wp\/v2\/posts\/92\/revisions\/6077"}],"wp:attachment":[{"href":"https:\/\/velo-utile.fr\/site\/wp-json\/wp\/v2\/media?parent=92"}],"wp:term":[{"taxonomy":"category","embeddable":true,"href":"https:\/\/velo-utile.fr\/site\/wp-json\/wp\/v2\/categories?post=92"},{"taxonomy":"post_tag","embeddable":true,"href":"https:\/\/velo-utile.fr\/site\/wp-json\/wp\/v2\/tags?post=92"}],"curies":[{"name":"wp","href":"https:\/\/api.w.org\/{rel}","templated":true}]}}