{"id":88,"date":"2016-06-15T18:01:00","date_gmt":"2016-06-15T18:01:00","guid":{"rendered":"http:\/\/velo-utile.fr\/blog02\/index.php\/2016\/06\/15\/20160615soiree-de-cloture-du-challenge-a-velo-au-boulot\/"},"modified":"2025-12-30T15:03:39","modified_gmt":"2025-12-30T14:03:39","slug":"20160615soiree-de-cloture-du-challenge-a-velo-au-boulot","status":"publish","type":"post","link":"https:\/\/velo-utile.fr\/site\/2016\/06\/20160615soiree-de-cloture-du-challenge-a-velo-au-boulot\/","title":{"rendered":"Soir\u00e9e de cl\u00f4ture du Challenge \u00ab\u00a0A V\u00e9lo Au Boulot!\u00a0\u00bb"},"content":{"rendered":"\n<p>L&rsquo;Association V\u00e9lo Utile a le plaisir de vous inviter le vendredi 1er juillet \u00e0 partir de 19h \u00e0 la Maison de l&rsquo;Agglom\u00e9ration, 2 rue de la Gare \u00e0 Saint-Brieuc PROGRAMME: remise des prix, exposition photos, animation sonores ..<\/p>\n\n\n\n<figure class=\"wp-block-image size-full\"><img loading=\"lazy\" decoding=\"async\" width=\"873\" height=\"1280\" src=\"https:\/\/velo-utile.fr\/site\/wp-content\/uploads\/import\/ChallengeAVAB2016.jpg\" alt=\"\" class=\"wp-image-348\" srcset=\"https:\/\/velo-utile.fr\/site\/wp-content\/uploads\/import\/ChallengeAVAB2016.jpg 873w, https:\/\/velo-utile.fr\/site\/wp-content\/uploads\/import\/ChallengeAVAB2016-600x880.jpg 600w\" sizes=\"auto, (max-width: 873px) 100vw, 873px\" \/><\/figure>\n\n\n\n<!--more-->\n\n\n\n<p><strong>Au programme<\/strong><\/p>\n\n\n\n<p>Remise des prix aux entreprises et administrations participantes, <br>Exposition des portraits photographiques r\u00e9alis\u00e9s par Jean-Fran\u00e7ois Le Bescond, <br>Diffusion d&rsquo;extraits sonores avec Les Bistrots de l&rsquo;Histoire, <br>T\u00e9moignages des participants&#8230; <\/p>\n\n\n\n<p>Un pot convivial vous sera offert par nos partenaires La Gambille et la Brasserie briochine La Guernouillette <\/p>\n\n\n\n<p>Venez nombreux(ses)!<\/p>\n","protected":false},"excerpt":{"rendered":"<p>L&rsquo;Association V\u00e9lo Utile a le plaisir de vous inviter le __le vendredi 1er juillet__\u00e0 partir de 19h \u00e0 la Maison de l&rsquo;Agglom\u00e9ration, 2 rue de la Gare \u00e0 Saint-Brieuc PROGRAMME: remise des prix, exposition photos, animation sonores &#8230;%%%<\/p>\n","protected":false},"author":22,"featured_media":0,"comment_status":"closed","ping_status":"closed","sticky":false,"template":"","format":"standard","meta":{"footnotes":""},"categories":[20],"tags":[],"class_list":["post-88","post","type-post","status-publish","format-standard","hentry","category-challenge-a-velo-au-boulot"],"_links":{"self":[{"href":"https:\/\/velo-utile.fr\/site\/wp-json\/wp\/v2\/posts\/88","targetHints":{"allow":["GET"]}}],"collection":[{"href":"https:\/\/velo-utile.fr\/site\/wp-json\/wp\/v2\/posts"}],"about":[{"href":"https:\/\/velo-utile.fr\/site\/wp-json\/wp\/v2\/types\/post"}],"author":[{"embeddable":true,"href":"https:\/\/velo-utile.fr\/site\/wp-json\/wp\/v2\/users\/22"}],"replies":[{"embeddable":true,"href":"https:\/\/velo-utile.fr\/site\/wp-json\/wp\/v2\/comments?post=88"}],"version-history":[{"count":2,"href":"https:\/\/velo-utile.fr\/site\/wp-json\/wp\/v2\/posts\/88\/revisions"}],"predecessor-version":[{"id":6090,"href":"https:\/\/velo-utile.fr\/site\/wp-json\/wp\/v2\/posts\/88\/revisions\/6090"}],"wp:attachment":[{"href":"https:\/\/velo-utile.fr\/site\/wp-json\/wp\/v2\/media?parent=88"}],"wp:term":[{"taxonomy":"category","embeddable":true,"href":"https:\/\/velo-utile.fr\/site\/wp-json\/wp\/v2\/categories?post=88"},{"taxonomy":"post_tag","embeddable":true,"href":"https:\/\/velo-utile.fr\/site\/wp-json\/wp\/v2\/tags?post=88"}],"curies":[{"name":"wp","href":"https:\/\/api.w.org\/{rel}","templated":true}]}}