{"id":7090,"date":"2026-07-16T16:22:00","date_gmt":"2026-07-16T14:22:00","guid":{"rendered":"https:\/\/velo-utile.fr\/site\/?p=7090"},"modified":"2026-09-01T18:50:11","modified_gmt":"2026-09-01T16:50:11","slug":"rallye-velo-louis-guilloux","status":"publish","type":"post","link":"https:\/\/velo-utile.fr\/site\/2026\/07\/rallye-velo-louis-guilloux\/","title":{"rendered":"Randonn\u00e9e V\u00e9lo Louis Guilloux"},"content":{"rendered":"\n<h3 class=\"wp-block-heading\">&#x1f6b2;&#x1f4da; Randonn\u00e9e V\u00e9lo Louis Guilloux \u2013 20 septembre<\/h3>\n\n\n\n<p class=\"wp-block-paragraph\">Ce parcours, con\u00e7u par V\u00e9lo Utile en collaboration avec la Soci\u00e9t\u00e9 des Amis de Louis Guilloux, vous r\u00e9serve des balades insolites, un pique-nique au Manoir Rohannec&rsquo;h, des lectures, des jeux et de nombreux moments de convivialit\u00e9.<\/p>\n\n\n\n<figure class=\"wp-block-image aligncenter size-full\"><img decoding=\"async\" width=\"800\" height=\"566\" data-src=\"https:\/\/velo-utile.fr\/site\/wp-content\/uploads\/2026\/07\/Louis-Guilloux-a-velo.jpg\" alt=\"\" class=\"wp-image-7138 lazyload\" data-srcset=\"https:\/\/velo-utile.fr\/site\/wp-content\/uploads\/2026\/07\/Louis-Guilloux-a-velo.jpg 800w, https:\/\/velo-utile.fr\/site\/wp-content\/uploads\/2026\/07\/Louis-Guilloux-a-velo-300x212.jpg 300w, https:\/\/velo-utile.fr\/site\/wp-content\/uploads\/2026\/07\/Louis-Guilloux-a-velo-768x543.jpg 768w\" data-sizes=\"(max-width: 800px) 100vw, 800px\" src=\"data:image\/svg+xml;base64,PHN2ZyB3aWR0aD0iMSIgaGVpZ2h0PSIxIiB4bWxucz0iaHR0cDovL3d3dy53My5vcmcvMjAwMC9zdmciPjwvc3ZnPg==\" style=\"--smush-placeholder-width: 800px; --smush-placeholder-aspect-ratio: 800\/566;\" \/><\/figure>\n\n\n\n<p class=\"has-text-align-right wp-block-paragraph\">\u00a9 Marlo<\/p>\n\n\n\n<p class=\"wp-block-paragraph\">&nbsp;&nbsp;&#x1f449;<a href=\"https:\/\/framaforms.org\/inscription-randonnee-velo-louis-guilloux-dimanche-20-septembre-2026-1787397713\" target=\"_blank\" rel=\"noopener\">&nbsp;Je m\u2019inscris \u00e0 la randonn\u00e9e v\u00e9lo Louis Guilloux<\/a>&nbsp;&nbsp;<\/p>\n\n\n\n<!--more-->\n\n\n\n<figure class=\"wp-block-image size-large\"><img decoding=\"async\" width=\"1024\" height=\"590\" data-src=\"https:\/\/velo-utile.fr\/site\/wp-content\/uploads\/2026\/07\/affiche-Marlo-1-1-1024x590.png\" alt=\"\" class=\"wp-image-7174 lazyload\" data-srcset=\"https:\/\/velo-utile.fr\/site\/wp-content\/uploads\/2026\/07\/affiche-Marlo-1-1-1024x590.png 1024w, https:\/\/velo-utile.fr\/site\/wp-content\/uploads\/2026\/07\/affiche-Marlo-1-1-300x173.png 300w, https:\/\/velo-utile.fr\/site\/wp-content\/uploads\/2026\/07\/affiche-Marlo-1-1-768x442.png 768w, https:\/\/velo-utile.fr\/site\/wp-content\/uploads\/2026\/07\/affiche-Marlo-1-1-1536x885.png 1536w, https:\/\/velo-utile.fr\/site\/wp-content\/uploads\/2026\/07\/affiche-Marlo-1-1.png 1559w\" data-sizes=\"(max-width: 1024px) 100vw, 1024px\" src=\"data:image\/svg+xml;base64,PHN2ZyB3aWR0aD0iMSIgaGVpZ2h0PSIxIiB4bWxucz0iaHR0cDovL3d3dy53My5vcmcvMjAwMC9zdmciPjwvc3ZnPg==\" style=\"--smush-placeholder-width: 1024px; --smush-placeholder-aspect-ratio: 1024\/590;\" \/><\/figure>\n\n\n\n<figure class=\"wp-block-image aligncenter size-large\"><img decoding=\"async\" width=\"724\" height=\"1024\" data-src=\"https:\/\/velo-utile.fr\/site\/wp-content\/uploads\/2026\/07\/affiche-Marlo-bis-724x1024.png\" alt=\"\" class=\"wp-image-7144 lazyload\" data-srcset=\"https:\/\/velo-utile.fr\/site\/wp-content\/uploads\/2026\/07\/affiche-Marlo-bis-724x1024.png 724w, https:\/\/velo-utile.fr\/site\/wp-content\/uploads\/2026\/07\/affiche-Marlo-bis-212x300.png 212w, https:\/\/velo-utile.fr\/site\/wp-content\/uploads\/2026\/07\/affiche-Marlo-bis-768x1086.png 768w, https:\/\/velo-utile.fr\/site\/wp-content\/uploads\/2026\/07\/affiche-Marlo-bis-1086x1536.png 1086w, https:\/\/velo-utile.fr\/site\/wp-content\/uploads\/2026\/07\/affiche-Marlo-bis-1448x2048.png 1448w, https:\/\/velo-utile.fr\/site\/wp-content\/uploads\/2026\/07\/affiche-Marlo-bis.png 1587w\" data-sizes=\"(max-width: 724px) 100vw, 724px\" src=\"data:image\/svg+xml;base64,PHN2ZyB3aWR0aD0iMSIgaGVpZ2h0PSIxIiB4bWxucz0iaHR0cDovL3d3dy53My5vcmcvMjAwMC9zdmciPjwvc3ZnPg==\" style=\"--smush-placeholder-width: 724px; --smush-placeholder-aspect-ratio: 724\/1024;\" \/><\/figure>\n\n\n\n<p class=\"wp-block-paragraph\"><strong>Parcours du matin<\/strong><\/p>\n\n\n\n<figure class=\"wp-block-image size-full\"><a href=\"https:\/\/umap.openstreetmap.fr\/fr\/map\/cyclo-biblio-matin_1419580#15\/48.516675\/-2.735510\" target=\"_blank\" rel=\" noreferrer noopener\"><img decoding=\"async\" width=\"822\" height=\"549\" data-src=\"https:\/\/velo-utile.fr\/site\/wp-content\/uploads\/2026\/07\/image-5.png\" alt=\"\" class=\"wp-image-7091 lazyload\" data-srcset=\"https:\/\/velo-utile.fr\/site\/wp-content\/uploads\/2026\/07\/image-5.png 822w, https:\/\/velo-utile.fr\/site\/wp-content\/uploads\/2026\/07\/image-5-300x200.png 300w, https:\/\/velo-utile.fr\/site\/wp-content\/uploads\/2026\/07\/image-5-768x513.png 768w\" data-sizes=\"(max-width: 822px) 100vw, 822px\" src=\"data:image\/svg+xml;base64,PHN2ZyB3aWR0aD0iMSIgaGVpZ2h0PSIxIiB4bWxucz0iaHR0cDovL3d3dy53My5vcmcvMjAwMC9zdmciPjwvc3ZnPg==\" style=\"--smush-placeholder-width: 822px; --smush-placeholder-aspect-ratio: 822\/549;\" \/><\/a><\/figure>\n\n\n\n<p class=\"wp-block-paragraph\"><strong>Parcours de l&rsquo;apr\u00e8s-midi<\/strong><\/p>\n\n\n\n<figure class=\"wp-block-image size-full\"><a href=\"https:\/\/umap.openstreetmap.fr\/fr\/map\/cyclo-biblio-apres-midi_1419657#13\/48.518935\/-2.715511\" target=\"_blank\" rel=\" noreferrer noopener\"><img decoding=\"async\" width=\"822\" height=\"549\" data-src=\"https:\/\/velo-utile.fr\/site\/wp-content\/uploads\/2026\/07\/image-6.png\" alt=\"\" class=\"wp-image-7092 lazyload\" data-srcset=\"https:\/\/velo-utile.fr\/site\/wp-content\/uploads\/2026\/07\/image-6.png 822w, https:\/\/velo-utile.fr\/site\/wp-content\/uploads\/2026\/07\/image-6-300x200.png 300w, https:\/\/velo-utile.fr\/site\/wp-content\/uploads\/2026\/07\/image-6-768x513.png 768w\" data-sizes=\"(max-width: 822px) 100vw, 822px\" src=\"data:image\/svg+xml;base64,PHN2ZyB3aWR0aD0iMSIgaGVpZ2h0PSIxIiB4bWxucz0iaHR0cDovL3d3dy53My5vcmcvMjAwMC9zdmciPjwvc3ZnPg==\" style=\"--smush-placeholder-width: 822px; --smush-placeholder-aspect-ratio: 822\/549;\" \/><\/a><\/figure>\n\n\n\n<p class=\"wp-block-paragraph\">Nous avons besoin de vous pour accompagner de futurs cyclistes qui partiront \u00e0 la d\u00e9couverte du patrimoine litt\u00e9raire et des plus beaux itin\u00e9raires cyclables de Saint-Brieuc et de sa baie. <\/p>\n","protected":false},"excerpt":{"rendered":"<p>&#x1f6b2;&#x1f4da; Randonn\u00e9e V\u00e9lo Louis Guilloux \u2013 20 septembre Ce parcours, con\u00e7u par V\u00e9lo Utile en collaboration avec la Soci\u00e9t\u00e9 des Amis de Louis Guilloux, vous r\u00e9serve des balades insolites, un pique-nique au Manoir Rohannec&rsquo;h, des lectures, des jeux et de<\/p>\n","protected":false},"author":22,"featured_media":0,"comment_status":"closed","ping_status":"open","sticky":false,"template":"","format":"standard","meta":{"footnotes":""},"categories":[65],"tags":[111,110],"class_list":["post-7090","post","type-post","status-publish","format-standard","hentry","category-animations","tag-bibliotheque","tag-livre"],"_links":{"self":[{"href":"https:\/\/velo-utile.fr\/site\/wp-json\/wp\/v2\/posts\/7090","targetHints":{"allow":["GET"]}}],"collection":[{"href":"https:\/\/velo-utile.fr\/site\/wp-json\/wp\/v2\/posts"}],"about":[{"href":"https:\/\/velo-utile.fr\/site\/wp-json\/wp\/v2\/types\/post"}],"author":[{"embeddable":true,"href":"https:\/\/velo-utile.fr\/site\/wp-json\/wp\/v2\/users\/22"}],"replies":[{"embeddable":true,"href":"https:\/\/velo-utile.fr\/site\/wp-json\/wp\/v2\/comments?post=7090"}],"version-history":[{"count":9,"href":"https:\/\/velo-utile.fr\/site\/wp-json\/wp\/v2\/posts\/7090\/revisions"}],"predecessor-version":[{"id":7176,"href":"https:\/\/velo-utile.fr\/site\/wp-json\/wp\/v2\/posts\/7090\/revisions\/7176"}],"wp:attachment":[{"href":"https:\/\/velo-utile.fr\/site\/wp-json\/wp\/v2\/media?parent=7090"}],"wp:term":[{"taxonomy":"category","embeddable":true,"href":"https:\/\/velo-utile.fr\/site\/wp-json\/wp\/v2\/categories?post=7090"},{"taxonomy":"post_tag","embeddable":true,"href":"https:\/\/velo-utile.fr\/site\/wp-json\/wp\/v2\/tags?post=7090"}],"curies":[{"name":"wp","href":"https:\/\/api.w.org\/{rel}","templated":true}]}}