{"id":6821,"date":"2026-04-26T11:04:29","date_gmt":"2026-04-26T09:04:29","guid":{"rendered":"https:\/\/velo-utile.fr\/site\/?p=6821"},"modified":"2026-04-28T11:04:56","modified_gmt":"2026-04-28T09:04:56","slug":"un-ptit-velo-dans-la-tete-voyage-solidaire-a-velo-de-saint-brieuc-a-lviv-ukraine","status":"publish","type":"post","link":"https:\/\/velo-utile.fr\/site\/2026\/04\/un-ptit-velo-dans-la-tete-voyage-solidaire-a-velo-de-saint-brieuc-a-lviv-ukraine\/","title":{"rendered":"Un p\u2019tit v\u00e9lo dans la t\u00eate, voyage solidaire \u00e0 v\u00e9lo de Saint-Brieuc \u00e0 Lviv (Ukraine)"},"content":{"rendered":"\n<p>Le vendredi 1er mai, Ronan prendra le d\u00e9part de Saint-Brieuc pour un voyage \u00e0 v\u00e9lo en direction de Lviv, en Ukraine, avec une arriv\u00e9e pr\u00e9vue autour du 4 juin. <\/p>\n\n\n\n<figure class=\"wp-block-image aligncenter size-full\"><img loading=\"lazy\" decoding=\"async\" width=\"720\" height=\"509\" src=\"https:\/\/velo-utile.fr\/site\/wp-content\/uploads\/2026\/04\/image-8.png\" alt=\"\" class=\"wp-image-6822\" srcset=\"https:\/\/velo-utile.fr\/site\/wp-content\/uploads\/2026\/04\/image-8.png 720w, https:\/\/velo-utile.fr\/site\/wp-content\/uploads\/2026\/04\/image-8-300x212.png 300w\" sizes=\"auto, (max-width: 720px) 100vw, 720px\" \/><\/figure>\n\n\n\n<p>Venez soutenir Ronan mercredi 29 avril dans nos locaux (17 rue de Robien) o\u00f9 un pot de d\u00e9part est pr\u00e9vu vers 18h30-19 h.<\/p>\n\n\n\n<!--more-->\n\n\n\n<p>Ce projet vise \u00e0 soutenir des structures engag\u00e9es dans la sant\u00e9 mentale, dans un contexte o\u00f9 les besoins sont particuli\u00e8rement urgents. A travers ce voyage, Ronan souhaite aussi porter un message simple : m\u00eame avec un parcours atypique ou des fragilit\u00e9s, il est possible de s\u2019engager concr\u00e8tement pour les autres.<\/p>\n\n\n\n<p>Objectifs de ce voyage : sensibiliser \u00e0 la sant\u00e9 mentale, cr\u00e9er du lien entre territoires, apporter un soutien concret \u00e0 une structure en Ukraine, montrer qu\u2019un engagement individuel peut avoir un impact r\u00e9el.<\/p>\n\n\n\n<p>Une d\u00e9marche solidaire : une cagnotte est associ\u00e9e au projet (voir ci-dessous) afin de soutenir directement une structure locale en Ukraine \u0153uvrant dans le domaine de la sant\u00e9 mentale. Le b\u00e9n\u00e9ficiaire est la fondation Unbroken : <a href=\"https:\/\/l.facebook.com\/l.php?u=https%3A%2F%2Funbroken.org.ua%2F%3Ffbclid%3DIwZXh0bgNhZW0CMTAAc3J0YwZhcHBfaWQQMjIyMDM5MTc4ODIwMDg5MgABHumxM73fRQAaZVtIwlCyiTY_u0X_puQcOzXBUkmVJTdWsw6ptuAp902ZBorP_aem_bEkc4mZDavm_IRaNJ4ZIQw&amp;h=AT4_US8quwCnxuX-Gs_hSMvmTPtbjIDJdqKjBhpvL83fYOmWgb85AIoBnGhf1j3j62gVTjjkeCfI094gr_oZm5daLVy8PVyTsUJ_PzYExgpkQN2c0IdIYePeOgymPMSfuhdg6LWIildDo389v2mYY-es&amp;__tn__=-UK-R&amp;c[0]=AT7CgLmvSLhdyh_0u-f-Fudm_7tFFAcLEc_hZ73Gt1UDY4PbSe8HBI3hg6UBcxt2gjroi_pETrTNmVqWCzqpByYOZAGtHeyNed3cZAHRnbxlF1KA_n2wS4B1HXNlctzTwiPYft7n-41bd4DXa87pDOm9MRvb_5h6dRx-Bu_Q7Vv6cjei0eda2E3vyGrSQhlSwqxDCdz-mUJMG6Sp47XXuopx765LGO9zhu6ujgE\" rel=\"noreferrer noopener\" target=\"_blank\">https:\/\/unbroken.org.ua\/<\/a> ,<\/p>\n\n\n\n<p>pour suivre son voyage :<\/p>\n\n\n\n<p><a href=\"https:\/\/www.facebook.com\/groups\/1232907209008840\">https:\/\/www.facebook.com\/groups\/1232907209008840<\/a><\/p>\n\n\n\n<p><a href=\"https:\/\/findpenguins.com\/...\/un-p-tit-velo-dans-la-tete...\">https:\/\/findpenguins.com\/&#8230;\/un-p-tit-velo-dans-la-tete&#8230;<\/a><\/p>\n\n\n\n<p>pour apporter une aide, la cagnotte : <a href=\"https:\/\/www.lepotcommun.fr\/cagnotte\/solidaire\/bretagne-lviv-voyage-solidaire-pour-la-sante-mentale-ehjuz5x5?utm_id=97758_v0_s00_e0_tv2_a1demo0fitjoso&amp;fbclid=IwZXh0bgNhZW0CMTAAc3J0YwZhcHBfaWQQMjIyMDM5MTc4ODIwMDg5MgABHub6DmNTOcgkNxpI_qxNwenezJecOx2-laaw3dzsOiGP3spE13fcQOW04fQf_aem_LSWpiEwZ41hnvlJnc7lNzg\" rel=\"noreferrer noopener\" target=\"_blank\">https:\/\/www.lepotcommun.fr\/&#8230;\/bretagne-lviv-voyage&#8230;<\/a><\/p>\n","protected":false},"excerpt":{"rendered":"<p>Le vendredi 1er mai, Ronan prendra le d\u00e9part de Saint-Brieuc pour un voyage \u00e0 v\u00e9lo en direction de Lviv, en Ukraine, avec une arriv\u00e9e pr\u00e9vue autour du 4 juin. Venez soutenir Ronan mercredi 29 avril dans nos locaux (17 rue<\/p>\n","protected":false},"author":22,"featured_media":0,"comment_status":"closed","ping_status":"open","sticky":false,"template":"","format":"standard","meta":{"footnotes":""},"categories":[60,15],"tags":[97,96],"class_list":["post-6821","post","type-post","status-publish","format-standard","hentry","category-actu","category-forum-osez-partir","tag-sante","tag-voyage"],"_links":{"self":[{"href":"https:\/\/velo-utile.fr\/site\/wp-json\/wp\/v2\/posts\/6821","targetHints":{"allow":["GET"]}}],"collection":[{"href":"https:\/\/velo-utile.fr\/site\/wp-json\/wp\/v2\/posts"}],"about":[{"href":"https:\/\/velo-utile.fr\/site\/wp-json\/wp\/v2\/types\/post"}],"author":[{"embeddable":true,"href":"https:\/\/velo-utile.fr\/site\/wp-json\/wp\/v2\/users\/22"}],"replies":[{"embeddable":true,"href":"https:\/\/velo-utile.fr\/site\/wp-json\/wp\/v2\/comments?post=6821"}],"version-history":[{"count":1,"href":"https:\/\/velo-utile.fr\/site\/wp-json\/wp\/v2\/posts\/6821\/revisions"}],"predecessor-version":[{"id":6823,"href":"https:\/\/velo-utile.fr\/site\/wp-json\/wp\/v2\/posts\/6821\/revisions\/6823"}],"wp:attachment":[{"href":"https:\/\/velo-utile.fr\/site\/wp-json\/wp\/v2\/media?parent=6821"}],"wp:term":[{"taxonomy":"category","embeddable":true,"href":"https:\/\/velo-utile.fr\/site\/wp-json\/wp\/v2\/categories?post=6821"},{"taxonomy":"post_tag","embeddable":true,"href":"https:\/\/velo-utile.fr\/site\/wp-json\/wp\/v2\/tags?post=6821"}],"curies":[{"name":"wp","href":"https:\/\/api.w.org\/{rel}","templated":true}]}}