{"id":6793,"date":"2026-04-24T16:13:30","date_gmt":"2026-04-24T14:13:30","guid":{"rendered":"https:\/\/velo-utile.fr\/site\/?p=6793"},"modified":"2026-04-25T10:43:11","modified_gmt":"2026-04-25T08:43:11","slug":"projection-de-loeil-du-cyclo","status":"publish","type":"post","link":"https:\/\/velo-utile.fr\/site\/2026\/04\/projection-de-loeil-du-cyclo\/","title":{"rendered":"Projection de \u00ab\u00a0L\u2019\u0153il du cyclo\u00a0\u00bb"},"content":{"rendered":"\n<figure class=\"wp-block-image size-large\"><img loading=\"lazy\" decoding=\"async\" width=\"1024\" height=\"312\" src=\"https:\/\/velo-utile.fr\/site\/wp-content\/uploads\/2026\/04\/etables-voyage-velo-30-avril26-1024x312.png\" alt=\"\" class=\"wp-image-6794\" srcset=\"https:\/\/velo-utile.fr\/site\/wp-content\/uploads\/2026\/04\/etables-voyage-velo-30-avril26-1024x312.png 1024w, https:\/\/velo-utile.fr\/site\/wp-content\/uploads\/2026\/04\/etables-voyage-velo-30-avril26-300x91.png 300w, https:\/\/velo-utile.fr\/site\/wp-content\/uploads\/2026\/04\/etables-voyage-velo-30-avril26-768x234.png 768w, https:\/\/velo-utile.fr\/site\/wp-content\/uploads\/2026\/04\/etables-voyage-velo-30-avril26.png 1127w\" sizes=\"auto, (max-width: 1024px) 100vw, 1024px\" \/><\/figure>\n\n\n\n<p>A Binic, le jeudi 30 avril 2026 de 20h00 \u00e0 22h00<\/p>\n\n\n\n<p>En f\u00e9vrier 2022, les bretons L\u00e9a et Brewenn sont partis pour un tour d\u2019Europe \u00e0 v\u00e9lo, sans assistance \u00e9lectrique, ni entra\u00eenement pr\u00e9alable mais avec le sourire ! <\/p>\n\n\n\n<!--more-->\n\n\n\n<p>L\u2019objectif \u00e9tait de prouver qu\u2019il est possible de voyager en limitant son impact sur l\u2019environnement, de pr\u00f4ner un mode de voyage plus lent, plus sobre et de partir \u00e0 la rencontre de personnes qui agissent dans ce sens. Vous y croyez ? <strong>Les deux protagonistes seront pr\u00e9sents \u00e0 cette projection pour r\u00e9pondre \u00e0 vos questions !<\/strong><\/p>\n\n\n\n<p>Cin\u00e9ma Le Korrigan<br>4 Boulevard Legris<br>22680 Binic-\u00c9tables-sur-Mer<\/p>\n\n\n\n<figure class=\"wp-block-image aligncenter size-large\"><img loading=\"lazy\" decoding=\"async\" width=\"584\" height=\"1024\" src=\"https:\/\/velo-utile.fr\/site\/wp-content\/uploads\/2026\/04\/plerin-voyage-velo-584x1024.jpg\" alt=\"\" class=\"wp-image-6796\" srcset=\"https:\/\/velo-utile.fr\/site\/wp-content\/uploads\/2026\/04\/plerin-voyage-velo-584x1024.jpg 584w, https:\/\/velo-utile.fr\/site\/wp-content\/uploads\/2026\/04\/plerin-voyage-velo-171x300.jpg 171w, https:\/\/velo-utile.fr\/site\/wp-content\/uploads\/2026\/04\/plerin-voyage-velo.jpg 679w\" sizes=\"auto, (max-width: 584px) 100vw, 584px\" \/><\/figure>\n\n\n\n<p><a href=\"https:\/\/www.binic-etables-sur-mer.fr\/agenda\/voyage-a-velo-projection-de-loeil-du-cyclo\/?fbclid=IwY2xjawRYV7tleHRuA2FlbQIxMQBzcnRjBmFwcF9pZBAyMjIwMzkxNzg4MjAwODkyAAEePmeWtAjVl_n20zfiJ4ufihqsc5R9kHQ_xsMYqdGQso9CfNtactvpUZJsAIo_aem_FqQMjvGPhsJQsRUmutd5lg\">Plus d&rsquo;infos <\/a><\/p>\n","protected":false},"excerpt":{"rendered":"<p>A Binic, le jeudi 30 avril 2026 de 20h00 \u00e0 22h00 En f\u00e9vrier 2022, les bretons L\u00e9a et Brewenn sont partis pour un tour d\u2019Europe \u00e0 v\u00e9lo, sans assistance \u00e9lectrique, ni entra\u00eenement pr\u00e9alable mais avec le sourire !<\/p>\n","protected":false},"author":22,"featured_media":0,"comment_status":"closed","ping_status":"open","sticky":false,"template":"","format":"standard","meta":{"footnotes":""},"categories":[60,65],"tags":[],"class_list":["post-6793","post","type-post","status-publish","format-standard","hentry","category-actu","category-animations"],"_links":{"self":[{"href":"https:\/\/velo-utile.fr\/site\/wp-json\/wp\/v2\/posts\/6793","targetHints":{"allow":["GET"]}}],"collection":[{"href":"https:\/\/velo-utile.fr\/site\/wp-json\/wp\/v2\/posts"}],"about":[{"href":"https:\/\/velo-utile.fr\/site\/wp-json\/wp\/v2\/types\/post"}],"author":[{"embeddable":true,"href":"https:\/\/velo-utile.fr\/site\/wp-json\/wp\/v2\/users\/22"}],"replies":[{"embeddable":true,"href":"https:\/\/velo-utile.fr\/site\/wp-json\/wp\/v2\/comments?post=6793"}],"version-history":[{"count":2,"href":"https:\/\/velo-utile.fr\/site\/wp-json\/wp\/v2\/posts\/6793\/revisions"}],"predecessor-version":[{"id":6797,"href":"https:\/\/velo-utile.fr\/site\/wp-json\/wp\/v2\/posts\/6793\/revisions\/6797"}],"wp:attachment":[{"href":"https:\/\/velo-utile.fr\/site\/wp-json\/wp\/v2\/media?parent=6793"}],"wp:term":[{"taxonomy":"category","embeddable":true,"href":"https:\/\/velo-utile.fr\/site\/wp-json\/wp\/v2\/categories?post=6793"},{"taxonomy":"post_tag","embeddable":true,"href":"https:\/\/velo-utile.fr\/site\/wp-json\/wp\/v2\/tags?post=6793"}],"curies":[{"name":"wp","href":"https:\/\/api.w.org\/{rel}","templated":true}]}}