{"id":6478,"date":"2026-01-31T23:28:37","date_gmt":"2026-01-31T22:28:37","guid":{"rendered":"https:\/\/velo-utile.fr\/site\/?p=6478"},"modified":"2026-04-03T19:03:36","modified_gmt":"2026-04-03T17:03:36","slug":"balade-de-pi-2026","status":"publish","type":"post","link":"https:\/\/velo-utile.fr\/site\/2026\/01\/balade-de-pi-2026\/","title":{"rendered":"Balade de Pi 2026"},"content":{"rendered":"\n<p>Qui va PI, va PIano !<br>On n&rsquo;\u00e9puisera pas toutes les d\u00e9cimales, alors autant prendre son temps !<br>La balade de PI, les maths \u00e0 v\u00e9lo, c&rsquo;est rigolo.<\/p>\n\n\n\n<p><strong>Samedi 14 mars 15h14 Place du Savonnier.<\/strong><\/p>\n\n\n\n<figure class=\"wp-block-image size-large\"><img loading=\"lazy\" decoding=\"async\" width=\"1024\" height=\"547\" src=\"https:\/\/velo-utile.fr\/site\/wp-content\/uploads\/2026\/01\/pi26-1024x547.jpg\" alt=\"\" class=\"wp-image-6687\" srcset=\"https:\/\/velo-utile.fr\/site\/wp-content\/uploads\/2026\/01\/pi26-1024x547.jpg 1024w, https:\/\/velo-utile.fr\/site\/wp-content\/uploads\/2026\/01\/pi26-300x160.jpg 300w, https:\/\/velo-utile.fr\/site\/wp-content\/uploads\/2026\/01\/pi26-768x410.jpg 768w, https:\/\/velo-utile.fr\/site\/wp-content\/uploads\/2026\/01\/pi26-1536x820.jpg 1536w, https:\/\/velo-utile.fr\/site\/wp-content\/uploads\/2026\/01\/pi26.jpg 1780w\" sizes=\"auto, (max-width: 1024px) 100vw, 1024px\" \/><\/figure>\n\n\n\n<p>C&rsquo;est dans le cadre du <a href=\"https:\/\/letempsdessciences.fr\/la-preuve-par-9-maths-architecture\/?fbclid=IwZXh0bgNhZW0CMTAAYnJpZBEwNGxpUmZtZHdpZnVIOVRNWHNydGMGYXBwX2lkEDIyMjAzOTE3ODgyMDA4OTIAAR7QNceS8lKi7MQW3QEi7o8bD1r8e3PGoinZ1K7K84GhDlJzrkFbVvqCwckElA_aem_udCmFO6aAvIMT28bZtWekQ\" target=\"_blank\" rel=\"noreferrer noopener\">festival la Preuve par 9,<\/a> organis\u00e9 par le Temps des Sciences avec le concours de V\u00e9lo Utile.<\/p>\n\n\n\n<!--more-->\n\n\n\n<figure class=\"wp-block-embed is-type-wp-embed is-provider-le-temps-des-sciences wp-block-embed-le-temps-des-sciences\"><div class=\"wp-block-embed__wrapper\">\n<blockquote class=\"wp-embedded-content\" data-secret=\"JKptxI8eyS\"><a href=\"https:\/\/letempsdessciences.fr\/la-preuve-par-9-maths-architecture\/\">La Preuve par 9 : MATHS &amp; ARCHITECTURE<\/a><\/blockquote><iframe loading=\"lazy\" class=\"wp-embedded-content\" sandbox=\"allow-scripts\" security=\"restricted\" style=\"position: absolute; visibility: hidden;\" title=\"\u00ab\u00a0La Preuve par 9 : MATHS &amp; ARCHITECTURE\u00a0\u00bb &#8212; Le Temps des Sciences\" src=\"https:\/\/letempsdessciences.fr\/la-preuve-par-9-maths-architecture\/embed\/#?secret=PNPPQdpjYz#?secret=JKptxI8eyS\" data-secret=\"JKptxI8eyS\" width=\"600\" height=\"338\" frameborder=\"0\" marginwidth=\"0\" marginheight=\"0\" scrolling=\"no\"><\/iframe>\n<\/div><\/figure>\n","protected":false},"excerpt":{"rendered":"<p>Qui va PI, va PIano !On n&rsquo;\u00e9puisera pas toutes les d\u00e9cimales, alors autant prendre son temps !La balade de PI, les maths \u00e0 v\u00e9lo, c&rsquo;est rigolo. Samedi 14 mars 15h14 Place du Savonnier. C&rsquo;est dans le cadre du festival la<\/p>\n","protected":false},"author":22,"featured_media":0,"comment_status":"closed","ping_status":"open","sticky":false,"template":"","format":"standard","meta":{"footnotes":""},"categories":[60,65],"tags":[],"class_list":["post-6478","post","type-post","status-publish","format-standard","hentry","category-actu","category-animations"],"_links":{"self":[{"href":"https:\/\/velo-utile.fr\/site\/wp-json\/wp\/v2\/posts\/6478","targetHints":{"allow":["GET"]}}],"collection":[{"href":"https:\/\/velo-utile.fr\/site\/wp-json\/wp\/v2\/posts"}],"about":[{"href":"https:\/\/velo-utile.fr\/site\/wp-json\/wp\/v2\/types\/post"}],"author":[{"embeddable":true,"href":"https:\/\/velo-utile.fr\/site\/wp-json\/wp\/v2\/users\/22"}],"replies":[{"embeddable":true,"href":"https:\/\/velo-utile.fr\/site\/wp-json\/wp\/v2\/comments?post=6478"}],"version-history":[{"count":2,"href":"https:\/\/velo-utile.fr\/site\/wp-json\/wp\/v2\/posts\/6478\/revisions"}],"predecessor-version":[{"id":6688,"href":"https:\/\/velo-utile.fr\/site\/wp-json\/wp\/v2\/posts\/6478\/revisions\/6688"}],"wp:attachment":[{"href":"https:\/\/velo-utile.fr\/site\/wp-json\/wp\/v2\/media?parent=6478"}],"wp:term":[{"taxonomy":"category","embeddable":true,"href":"https:\/\/velo-utile.fr\/site\/wp-json\/wp\/v2\/categories?post=6478"},{"taxonomy":"post_tag","embeddable":true,"href":"https:\/\/velo-utile.fr\/site\/wp-json\/wp\/v2\/tags?post=6478"}],"curies":[{"name":"wp","href":"https:\/\/api.w.org\/{rel}","templated":true}]}}