{"id":6474,"date":"2026-01-28T20:40:19","date_gmt":"2026-01-28T19:40:19","guid":{"rendered":"https:\/\/velo-utile.fr\/site\/?p=6474"},"modified":"2026-01-31T13:41:16","modified_gmt":"2026-01-31T12:41:16","slug":"journal-de-bord-de-latelier-du-28-01-26","status":"publish","type":"post","link":"https:\/\/velo-utile.fr\/site\/2026\/01\/journal-de-bord-de-latelier-du-28-01-26\/","title":{"rendered":"Journal de bord de l&rsquo;atelier du 28\/01\/26"},"content":{"rendered":"\n<p>Mercredi 28 janvier 17h. La tendance est presque printani\u00e8re dans la cour de VU !<\/p>\n\n\n\n<p>Avec Michel H nous ouvrons le portail. Tony et Bob arrivent, et Fran\u00e7ois M.<br>Et Nico pour quelques r\u00e9visions, mais on pense qu&rsquo; il n&rsquo;aura pas besoin d&rsquo;accompagnement.<br>C&rsquo;est Pascale qui ouvre le bal pour poser un r\u00e9tro sur son v\u00e9lo.. et en profiter pour adh\u00e9rer.<\/p>\n\n\n\n<p>Thibaut aussi adh\u00e8re et se met \u00e0 faire seul sa r\u00e9paration.<br>Erwann lui veut changer une roue.Genevi\u00e8ve a enfiler la blouse, d\u00e9voilage, poign\u00e9e gripp\u00e9e et patins de freins !<br>Sylvie arrive pour acheter un des v\u00e9los <a href=\"https:\/\/velo-utile.fr\/site\/velos-a-vendre\/\">mis en vente sur le site VU<\/a>&#8230; Avec Michel et Fran\u00e7ois on est trop contents.<\/p>\n\n\n\n<figure class=\"wp-block-image aligncenter size-full\"><img loading=\"lazy\" decoding=\"async\" width=\"668\" height=\"333\" src=\"https:\/\/velo-utile.fr\/site\/wp-content\/uploads\/2026\/01\/image-1.png\" alt=\"\" class=\"wp-image-6475\" srcset=\"https:\/\/velo-utile.fr\/site\/wp-content\/uploads\/2026\/01\/image-1.png 668w, https:\/\/velo-utile.fr\/site\/wp-content\/uploads\/2026\/01\/image-1-300x150.png 300w\" sizes=\"auto, (max-width: 668px) 100vw, 668px\" \/><\/figure>\n\n\n\n<p>Elle part examiner la marchandise. J\u00e9r\u00e9my passe pour gonfler ses pneus&#8230; \u00e7a fait plusieurs fois&#8230; je le soup\u00e7onne de venir aussi causer !<\/p>\n\n\n\n<!--more-->\n\n\n\n<p>Un monsieur X, pas content de D\u00e9cathlon vient pour faire r\u00e9parer son v\u00e9lo. On lui explique le fonctionnement et les modalit\u00e9s de VU. Il comprends et n&rsquo;exclut pas de repasser.<\/p>\n\n\n\n<p>R\u00e9mi est venu changer ses patins de freins. Il passe aussi beaucoup de temps \u00e0 causer.<\/p>\n\n\n\n<p>Bilel vient pour changer un c\u00e2ble de d\u00e9railleur. \u00c0 la question \u00ab qu&rsquo;est-ce qui est bien \u00e0 l&rsquo;atelier \u00bb il \u00e9voque les conseils, les outils \u00e0 port\u00e9e de main, les pi\u00e8ces d&rsquo;occasion et l&rsquo;ambiance sympa&#8230;<\/p>\n\n\n\n<p>Sylvie a trouv\u00e9 chaussure (enfin v\u00e9lo) \u00e0 son pied. On se met en quatre pour lui faire plaisir. Il manque un \u00e9quipement de s\u00e9curit\u00e9 indispensable, on trouve et Michel fixe.<\/p>\n\n\n\n<p>Vanessa et son fils Cl\u00e9ment viennent pour une crevaison et un d\u00e9voilage. \u00c0 la question \u00ab qu&rsquo;est-ce qui est bien \u00e0 l&rsquo;atelier \u00bb elle r\u00e9pond conseils, sympathie, accueil&#8230; et fait remarquer qu&rsquo;on est de plus en plus \u00e0 rouler \u00e0 v\u00e9lo.<\/p>\n\n\n\n<p>Noam, pas encore tour \u00e0 fait ado, vient pour un c\u00e2ble et des patins de freins&#8230; Il doit d\u00e9j\u00e0 avoir la fibre&#8230; car il propose \u00e0 Cl\u00e9ment de l&rsquo;aider !<\/p>\n\n\n\n<p>Mathieu est venu pour changer la selle&#8230; et les patins. Il en profite pour adh\u00e9rer.<\/p>\n\n\n\n<p>Bon j&rsquo;arr\u00eate de poser les questions \u00ab qu&rsquo;est-ce qui est bien \u00e0 l&rsquo;atelier \u00bb et \u00ab\u00a0comment am\u00e9liorer l&rsquo;atelier\u00a0\u00bb parce que \u00e7a fait trop auto-satisfaction.<\/p>\n\n\n\n<p>Les patins de freins se font rares, les c\u00e2bles et les pi\u00e8ces diverses sortent de la r\u00e9serve. Certains pensent \u00e0 noter dans le cahier, r\u00e9gler des pi\u00e8ces neuves ou verser une obole dans la caisse&#8230; mais dans le feu de l&rsquo;action des oublis sont possibles. Il faudrait r\u00e9fl\u00e9chir \u00e0 une proc\u00e9dure\/organisation pour limiter le \u00ab coulage \u00bb qui risque de mettre en p\u00e9ril le financement.<\/p>\n\n\n\n<p>Le d\u00e9part de Sylvie est un grand moment.<\/p>\n\n\n\n<p>Tony, Bob et Fran\u00e7ois virevoltent entre les v\u00e9los fix\u00e9s sur les potences.<\/p>\n\n\n\n<p>Bilel a fait une erreur fatale, \u00e0 1\/2h de la fin il doit red\u00e9montrer (avec le sourire) sa cha\u00eene pour la glisser comme il faut !<\/p>\n\n\n\n<p>Jean Baptiste est venu voir comment \u00e7a marchait \u00e0 VU.<\/p>\n\n\n\n<p>C\u00e9line qui arrive presque dans les arr\u00eats de jeu, cherche un boulon pour fixer le garde boue. Je passe sur les d\u00e9tails, Michel va r\u00e9ussir en r\u00e9al\u00e9sant le filetage. C&rsquo;est s\u00fbr qu&rsquo;\u00e0 D\u00e9cat on se prend pas la t\u00eate avec \u00e7a.<\/p>\n\n\n\n<p>On cause un moment des ouvertures, du manque de b\u00e9n\u00e9voles, les pr\u00e9sents comprennent bien.<\/p>\n\n\n\n<p>Et du moyen pour les adh\u00e9rents de savoir si c&rsquo;est ouvert ou pas sans risquer de se casser le nez sur un portail ferm\u00e9&#8230;<\/p>\n\n\n\n<p>Tout le monde n&rsquo;a pas de t\u00e9l\u00e9phone portable, on se demande si VU a un num\u00e9ro de t\u00e9l\u00e9phone pour mettre un message vocal en ligne qui donnerait des indications sur ouverture ou pas&#8230; ou sur une autre formule.<\/p>\n\n\n\n<p>Tout est dans le d\u00e9tail, une sonnette, un filetage&#8230; trois adh\u00e9sions, un v\u00e9lo vendu, beaucoup de sourires et d&rsquo;\u00e9changes dans la bonne humeur, un atelier qui file comme sur des roulettes, deux heures sur le grand d\u00e9veloppement .<\/p>\n\n\n\n<p>19h et 8 minutes&#8230; avec Michel on referme le portail.<\/p>\n","protected":false},"excerpt":{"rendered":"<p>Mercredi 28 janvier 17h. La tendance est presque printani\u00e8re dans la cour de VU ! Avec Michel H nous ouvrons le portail. Tony et Bob arrivent, et Fran\u00e7ois M.Et Nico pour quelques r\u00e9visions, mais on pense qu&rsquo; il n&rsquo;aura pas<\/p>\n","protected":false},"author":22,"featured_media":0,"comment_status":"closed","ping_status":"open","sticky":false,"template":"","format":"standard","meta":{"footnotes":""},"categories":[4],"tags":[],"class_list":["post-6474","post","type-post","status-publish","format-standard","hentry","category-atelier"],"_links":{"self":[{"href":"https:\/\/velo-utile.fr\/site\/wp-json\/wp\/v2\/posts\/6474","targetHints":{"allow":["GET"]}}],"collection":[{"href":"https:\/\/velo-utile.fr\/site\/wp-json\/wp\/v2\/posts"}],"about":[{"href":"https:\/\/velo-utile.fr\/site\/wp-json\/wp\/v2\/types\/post"}],"author":[{"embeddable":true,"href":"https:\/\/velo-utile.fr\/site\/wp-json\/wp\/v2\/users\/22"}],"replies":[{"embeddable":true,"href":"https:\/\/velo-utile.fr\/site\/wp-json\/wp\/v2\/comments?post=6474"}],"version-history":[{"count":1,"href":"https:\/\/velo-utile.fr\/site\/wp-json\/wp\/v2\/posts\/6474\/revisions"}],"predecessor-version":[{"id":6476,"href":"https:\/\/velo-utile.fr\/site\/wp-json\/wp\/v2\/posts\/6474\/revisions\/6476"}],"wp:attachment":[{"href":"https:\/\/velo-utile.fr\/site\/wp-json\/wp\/v2\/media?parent=6474"}],"wp:term":[{"taxonomy":"category","embeddable":true,"href":"https:\/\/velo-utile.fr\/site\/wp-json\/wp\/v2\/categories?post=6474"},{"taxonomy":"post_tag","embeddable":true,"href":"https:\/\/velo-utile.fr\/site\/wp-json\/wp\/v2\/tags?post=6474"}],"curies":[{"name":"wp","href":"https:\/\/api.w.org\/{rel}","templated":true}]}}