{"id":6459,"date":"2026-01-26T18:01:25","date_gmt":"2026-01-26T17:01:25","guid":{"rendered":"https:\/\/velo-utile.fr\/site\/?p=6459"},"modified":"2026-01-26T18:03:02","modified_gmt":"2026-01-26T17:03:02","slug":"je-ne-sais-meme-pas-qui-a-eu-la-feve","status":"publish","type":"post","link":"https:\/\/velo-utile.fr\/site\/2026\/01\/je-ne-sais-meme-pas-qui-a-eu-la-feve\/","title":{"rendered":"Je ne sais m\u00eame pas qui a eu la f\u00e8ve !"},"content":{"rendered":"\n<p>Il n&rsquo;a pas \u00e9t\u00e9 question de galets (de d\u00e9railleurs) mais de galettes !<\/p>\n\n\n\n<p>On a parl\u00e9 de tout et de rien. Y&rsquo;avait m\u00eame pas d&rsquo;ordre du jour&#8230;<br>Ah si, partager un bout de galette !<\/p>\n\n\n\n<p>Et je ne sais m\u00eame pas qui a eu la f\u00e8ve !<\/p>\n\n\n\n<p>Merci Niel d&rsquo;avoir propos\u00e9 ce moment impromptu.<br>Ce n&rsquo;est pas forc\u00e9ment facile un dimanche (25 janvier) d\u00e9but d&rsquo;apr\u00e8s midi de s&rsquo;\u00e9chapper de \u00ab\u00a0contingences familiales\u00a0\u00bb.<br>Certain(e)s au retour d&rsquo;une balade ap\u00e9ritive \u00e0 v\u00e9lo de deux douzaines de km, d&rsquo;autres au sortir de la sieste&#8230;<br>Toujours est-il que les galettes de Niel \u00e9taient bonnes.<\/p>\n\n\n\n<figure class=\"wp-block-image aligncenter size-medium\"><a href=\"https:\/\/velo-utile.fr\/site\/wp-content\/uploads\/2026\/01\/2026-Janvier-galettes1.jpg\"><img loading=\"lazy\" decoding=\"async\" width=\"300\" height=\"225\" src=\"https:\/\/velo-utile.fr\/site\/wp-content\/uploads\/2026\/01\/2026-Janvier-galettes1-300x225.jpg\" alt=\"\" class=\"wp-image-6460\" srcset=\"https:\/\/velo-utile.fr\/site\/wp-content\/uploads\/2026\/01\/2026-Janvier-galettes1-300x225.jpg 300w, https:\/\/velo-utile.fr\/site\/wp-content\/uploads\/2026\/01\/2026-Janvier-galettes1-768x576.jpg 768w, https:\/\/velo-utile.fr\/site\/wp-content\/uploads\/2026\/01\/2026-Janvier-galettes1.jpg 1024w\" sizes=\"auto, (max-width: 300px) 100vw, 300px\" \/><\/a><\/figure>\n\n\n\n<!--more-->\n\n\n\n<p>La confrontation entre cyclistes\/p\u00e2tissiers a rapidement tourn\u00e9 sur les m\u00e9rites respectifs des recettes personnelles, ingr\u00e9dients et savoirs faire.<br>On \u00e9tait une vingtaine \u00e0 bavarder et sauter d&rsquo;un sujet \u00e0 l&rsquo;autre, sous un soleil presque printanier. On a \u00e0 peine parl\u00e9 v\u00e9lo&#8230;<\/p>\n\n\n\n<p>Mais c&rsquo;est aussi \u00e9changes de bonnes adresses, balivernes et partage de tracas quotidiens et le tout en vrac.<br>Un moment de lien social \u00e0 g\u00e9om\u00e9trie variable que tant d&rsquo;associations comme V\u00e9lo Utile peuvent cr\u00e9er entre leurs adh\u00e9rents.<br>Il n&rsquo;y a pas besoin d&rsquo;\u00eatre tr\u00e8s nombreux, mais ces instants sont forts et utiles \u00e0 toutes et tous.<\/p>\n\n\n\n<p>Bon, certains ont quand m\u00eame, chassez le naturel&#8230; aussi un peu caus\u00e9 v\u00e9lo et m\u00e9canique&#8230;<\/p>\n\n\n\n<figure class=\"wp-block-image aligncenter size-medium\"><a href=\"https:\/\/velo-utile.fr\/site\/wp-content\/uploads\/2026\/01\/2026-Janvier-galettes2.jpg\"><img loading=\"lazy\" decoding=\"async\" width=\"300\" height=\"225\" src=\"https:\/\/velo-utile.fr\/site\/wp-content\/uploads\/2026\/01\/2026-Janvier-galettes2-300x225.jpg\" alt=\"\" class=\"wp-image-6461\" srcset=\"https:\/\/velo-utile.fr\/site\/wp-content\/uploads\/2026\/01\/2026-Janvier-galettes2-300x225.jpg 300w, https:\/\/velo-utile.fr\/site\/wp-content\/uploads\/2026\/01\/2026-Janvier-galettes2-768x576.jpg 768w, https:\/\/velo-utile.fr\/site\/wp-content\/uploads\/2026\/01\/2026-Janvier-galettes2.jpg 1024w\" sizes=\"auto, (max-width: 300px) 100vw, 300px\" \/><\/a><\/figure>\n\n\n\n<p>Mais d&rsquo;autres, de courbatures et arthrose, d&rsquo;anticipation des voyages v\u00e9los de l&rsquo;\u00e9t\u00e9 \u00e0 venir,<br>de l&rsquo;importance des cuisses et fessiers, du m\u00e9rite de la pr\u00e9paration et bienfaits du Pilate !<br><\/p>\n\n\n\n<p>D&rsquo;ici \u00e0 ce que bient\u00f4t une section gymnastique cycliste et yoga du guidon se cr\u00e9\u00e9e ?<br>On a commenc\u00e9 la semaine sur les chapeaux de roue.<br>Ah maintenant je sais, c&rsquo;est Pauline qui a eu la f\u00e8ve d&rsquo;une galette&#8230; mais les d\u00e9tenteurs des deux autres f\u00e8ves restent anonymes&nbsp;!<\/p>\n\n\n\n<p>Philippe<\/p>\n","protected":false},"excerpt":{"rendered":"<p>Il n&rsquo;a pas \u00e9t\u00e9 question de galets (de d\u00e9railleurs) mais de galettes ! On a parl\u00e9 de tout et de rien. Y&rsquo;avait m\u00eame pas d&rsquo;ordre du jour&#8230;Ah si, partager un bout de galette ! Et je ne sais m\u00eame pas<\/p>\n","protected":false},"author":22,"featured_media":0,"comment_status":"closed","ping_status":"open","sticky":false,"template":"","format":"standard","meta":{"footnotes":""},"categories":[1],"tags":[84],"class_list":["post-6459","post","type-post","status-publish","format-standard","hentry","category-non-classe","tag-balade"],"_links":{"self":[{"href":"https:\/\/velo-utile.fr\/site\/wp-json\/wp\/v2\/posts\/6459","targetHints":{"allow":["GET"]}}],"collection":[{"href":"https:\/\/velo-utile.fr\/site\/wp-json\/wp\/v2\/posts"}],"about":[{"href":"https:\/\/velo-utile.fr\/site\/wp-json\/wp\/v2\/types\/post"}],"author":[{"embeddable":true,"href":"https:\/\/velo-utile.fr\/site\/wp-json\/wp\/v2\/users\/22"}],"replies":[{"embeddable":true,"href":"https:\/\/velo-utile.fr\/site\/wp-json\/wp\/v2\/comments?post=6459"}],"version-history":[{"count":3,"href":"https:\/\/velo-utile.fr\/site\/wp-json\/wp\/v2\/posts\/6459\/revisions"}],"predecessor-version":[{"id":6464,"href":"https:\/\/velo-utile.fr\/site\/wp-json\/wp\/v2\/posts\/6459\/revisions\/6464"}],"wp:attachment":[{"href":"https:\/\/velo-utile.fr\/site\/wp-json\/wp\/v2\/media?parent=6459"}],"wp:term":[{"taxonomy":"category","embeddable":true,"href":"https:\/\/velo-utile.fr\/site\/wp-json\/wp\/v2\/categories?post=6459"},{"taxonomy":"post_tag","embeddable":true,"href":"https:\/\/velo-utile.fr\/site\/wp-json\/wp\/v2\/tags?post=6459"}],"curies":[{"name":"wp","href":"https:\/\/api.w.org\/{rel}","templated":true}]}}