{"id":5928,"date":"2025-12-14T05:36:54","date_gmt":"2025-12-14T04:36:54","guid":{"rendered":"https:\/\/velo-utile.fr\/site\/?p=5928"},"modified":"2026-01-25T09:58:52","modified_gmt":"2026-01-25T08:58:52","slug":"journee-de-travail-du-13-decembre-2025","status":"publish","type":"post","link":"https:\/\/velo-utile.fr\/site\/2025\/12\/journee-de-travail-du-13-decembre-2025\/","title":{"rendered":"Journ\u00e9e de travail du 13 d\u00e9cembre 2025"},"content":{"rendered":"\n<p>Un \u00e9norme merci \u00e0 tous pour votre \u00e9coute et votre volont\u00e9 de partage.<\/p>\n\n\n\n<p>\u00c7a vaut le coup parfois de prendre un peu de recul et d&rsquo;\u00e9changer sur nos pratiques car l&rsquo;association a dor\u00e9navant des activit\u00e9s tellement nombreuses et vari\u00e9es qu&rsquo;il est parfois difficile de s&rsquo;y retrouver.<\/p>\n\n\n\n<figure class=\"wp-block-image aligncenter size-medium\"><img loading=\"lazy\" decoding=\"async\" width=\"300\" height=\"225\" src=\"https:\/\/velo-utile.fr\/site\/wp-content\/uploads\/2025\/12\/20251213_181036-300x225.jpg\" alt=\"\" class=\"wp-image-5929\" srcset=\"https:\/\/velo-utile.fr\/site\/wp-content\/uploads\/2025\/12\/20251213_181036-300x225.jpg 300w, https:\/\/velo-utile.fr\/site\/wp-content\/uploads\/2025\/12\/20251213_181036-1024x768.jpg 1024w, https:\/\/velo-utile.fr\/site\/wp-content\/uploads\/2025\/12\/20251213_181036-768x576.jpg 768w, https:\/\/velo-utile.fr\/site\/wp-content\/uploads\/2025\/12\/20251213_181036-1536x1152.jpg 1536w, https:\/\/velo-utile.fr\/site\/wp-content\/uploads\/2025\/12\/20251213_181036-2048x1536.jpg 2048w\" sizes=\"auto, (max-width: 300px) 100vw, 300px\" \/><\/figure>\n\n\n\n<!--more-->\n\n\n\n<p>De nouvelles t\u00eates s&rsquo;impliquent dans notre grande et belle association, \u00e7a fait plaisir.<\/p>\n\n\n\n<p>On vous dit \u00e0 tr\u00e8s vite pour d&rsquo;autres temps d&rsquo;\u00e9change. <\/p>\n","protected":false},"excerpt":{"rendered":"<p>Un \u00e9norme merci \u00e0 tous pour votre \u00e9coute et votre volont\u00e9 de partage. \u00c7a vaut le coup parfois de prendre un peu de recul et d&rsquo;\u00e9changer sur nos pratiques car l&rsquo;association a dor\u00e9navant des activit\u00e9s tellement nombreuses et vari\u00e9es qu&rsquo;il<\/p>\n","protected":false},"author":22,"featured_media":5929,"comment_status":"closed","ping_status":"closed","sticky":false,"template":"","format":"standard","meta":{"footnotes":""},"categories":[60,16],"tags":[],"class_list":["post-5928","post","type-post","status-publish","format-standard","has-post-thumbnail","hentry","category-actu","category-vie-associative"],"_links":{"self":[{"href":"https:\/\/velo-utile.fr\/site\/wp-json\/wp\/v2\/posts\/5928","targetHints":{"allow":["GET"]}}],"collection":[{"href":"https:\/\/velo-utile.fr\/site\/wp-json\/wp\/v2\/posts"}],"about":[{"href":"https:\/\/velo-utile.fr\/site\/wp-json\/wp\/v2\/types\/post"}],"author":[{"embeddable":true,"href":"https:\/\/velo-utile.fr\/site\/wp-json\/wp\/v2\/users\/22"}],"replies":[{"embeddable":true,"href":"https:\/\/velo-utile.fr\/site\/wp-json\/wp\/v2\/comments?post=5928"}],"version-history":[{"count":2,"href":"https:\/\/velo-utile.fr\/site\/wp-json\/wp\/v2\/posts\/5928\/revisions"}],"predecessor-version":[{"id":6448,"href":"https:\/\/velo-utile.fr\/site\/wp-json\/wp\/v2\/posts\/5928\/revisions\/6448"}],"wp:featuredmedia":[{"embeddable":true,"href":"https:\/\/velo-utile.fr\/site\/wp-json\/wp\/v2\/media\/5929"}],"wp:attachment":[{"href":"https:\/\/velo-utile.fr\/site\/wp-json\/wp\/v2\/media?parent=5928"}],"wp:term":[{"taxonomy":"category","embeddable":true,"href":"https:\/\/velo-utile.fr\/site\/wp-json\/wp\/v2\/categories?post=5928"},{"taxonomy":"post_tag","embeddable":true,"href":"https:\/\/velo-utile.fr\/site\/wp-json\/wp\/v2\/tags?post=5928"}],"curies":[{"name":"wp","href":"https:\/\/api.w.org\/{rel}","templated":true}]}}