{"id":5912,"date":"2025-12-13T09:59:01","date_gmt":"2025-12-13T08:59:01","guid":{"rendered":"https:\/\/velo-utile.fr\/site\/?p=5912"},"modified":"2026-01-25T10:02:13","modified_gmt":"2026-01-25T09:02:13","slug":"cohabitation-cyclistes-pietons","status":"publish","type":"post","link":"https:\/\/velo-utile.fr\/site\/2025\/12\/cohabitation-cyclistes-pietons\/","title":{"rendered":"Cohabitation cyclistes \/ pi\u00e9tons"},"content":{"rendered":"\n<p>En juin 2023 <a href=\"https:\/\/www.letelegramme.fr\/cotes-d-armor\/saint-brieuc-22000\/trottinettes-velos-et-pietons-a-saint-brieuc-ca-coince-en-centre-ville-6371943.php\" target=\"_blank\" rel=\"noreferrer noopener\">Le T\u00e9l\u00e9gramme<\/a> nous posait quelques questions \u00e0 propos de la circulation des cyclistes sur le plateau pi\u00e9tonnier. Notre point de vue est toujours le m\u00eame : outre l&rsquo;obligation pour les cyclistes de respecter les pi\u00e9tons, il est indispensable d&rsquo;essayer de comprendre les raisons de cette situation d\u00e9sastreuse. Aujourd&rsquo;hui la rue pi\u00e9tonne est utilis\u00e9e comme axe de transit \u00e0 bicyclette parce qu&rsquo;aucune route ne permet de relier le nord et le sud de l&rsquo;hypercentre en s\u00e9curit\u00e9 \u00e0 v\u00e9lo : quel parent laisserait sans crainte son enfant aller \u00e0 l&rsquo;\u00e9cole, seul, en empruntant la rue des Promenades ou la rue des fr\u00e8res Merlin ? Quand des cyclistes roulent dans l&rsquo;espace pi\u00e9tonnier, la plupart du temps c&rsquo;est parce qu&rsquo;ils ne se sentent pas en s\u00e9curit\u00e9 sur la route. Cela r\u00e9sulte d&rsquo;un choix d&rsquo;am\u00e9nagement, \u00e0 Saint Brieuc comme dans beaucoup de villes fran\u00e7aises depuis 30 ans :<\/p>\n\n\n\n<ul class=\"wp-block-list\">\n<li>les infrastructures cyclables s&rsquo;arr\u00eatent aux endroits les plus dangereux, c&rsquo;est \u00e0 dire aux carrefours, <\/li>\n\n\n\n<li>les cyclistes et les pi\u00e9tons doivent se partager l&rsquo;espace pour ne surtout pas g\u00eaner la circulation automobile. Cela nous a amen\u00e9 \u00e0 des trottoirs partag\u00e9s entre cyclistes et pi\u00e9tons (Charner, rue du 71\u00e8, Waldeck Rousseau) ou des espaces mal d\u00e9limit\u00e9s, peu lisibles (Cl\u00e9menceau, Les Champs)<\/li>\n<\/ul>\n\n\n\n<!--more-->\n\n\n\n<div data-wp-interactive=\"core\/file\" class=\"wp-block-file\"><object data-wp-bind--hidden=\"!state.hasPdfPreview\" hidden class=\"wp-block-file__embed\" data=\"https:\/\/velo-utile.fr\/site\/wp-content\/uploads\/2025\/12\/interview_cohab_pietonsVelos.pdf\" type=\"application\/pdf\" style=\"width:100%;height:600px\" aria-label=\"Contenu embarqu\u00e9 interview_cohab_pietonsVelos.\"><\/object><a id=\"wp-block-file--media-9cb9f5aa-1d8f-43f8-b75c-8fb7f7a5c690\" href=\"https:\/\/velo-utile.fr\/site\/wp-content\/uploads\/2025\/12\/interview_cohab_pietonsVelos.pdf\">interview_cohab_pietonsVelos<\/a><a href=\"https:\/\/velo-utile.fr\/site\/wp-content\/uploads\/2025\/12\/interview_cohab_pietonsVelos.pdf\" class=\"wp-block-file__button wp-element-button\" download aria-describedby=\"wp-block-file--media-9cb9f5aa-1d8f-43f8-b75c-8fb7f7a5c690\">T\u00e9l\u00e9charger<\/a><\/div>\n\n\n\n<p><\/p>\n","protected":false},"excerpt":{"rendered":"<p>En juin 2023 Le T\u00e9l\u00e9gramme nous posait quelques questions \u00e0 propos de la circulation des cyclistes sur le plateau pi\u00e9tonnier. Notre point de vue est toujours le m\u00eame : outre l&rsquo;obligation pour les cyclistes de respecter les pi\u00e9tons, il est<\/p>\n","protected":false},"author":4,"featured_media":0,"comment_status":"closed","ping_status":"closed","sticky":false,"template":"","format":"standard","meta":{"footnotes":""},"categories":[60,2],"tags":[80,78,77,79],"class_list":["post-5912","post","type-post","status-publish","format-standard","hentry","category-actu","category-commission-amenagement","tag-cohabitation","tag-pietons","tag-securite","tag-zone-pietonne"],"_links":{"self":[{"href":"https:\/\/velo-utile.fr\/site\/wp-json\/wp\/v2\/posts\/5912","targetHints":{"allow":["GET"]}}],"collection":[{"href":"https:\/\/velo-utile.fr\/site\/wp-json\/wp\/v2\/posts"}],"about":[{"href":"https:\/\/velo-utile.fr\/site\/wp-json\/wp\/v2\/types\/post"}],"author":[{"embeddable":true,"href":"https:\/\/velo-utile.fr\/site\/wp-json\/wp\/v2\/users\/4"}],"replies":[{"embeddable":true,"href":"https:\/\/velo-utile.fr\/site\/wp-json\/wp\/v2\/comments?post=5912"}],"version-history":[{"count":6,"href":"https:\/\/velo-utile.fr\/site\/wp-json\/wp\/v2\/posts\/5912\/revisions"}],"predecessor-version":[{"id":6051,"href":"https:\/\/velo-utile.fr\/site\/wp-json\/wp\/v2\/posts\/5912\/revisions\/6051"}],"wp:attachment":[{"href":"https:\/\/velo-utile.fr\/site\/wp-json\/wp\/v2\/media?parent=5912"}],"wp:term":[{"taxonomy":"category","embeddable":true,"href":"https:\/\/velo-utile.fr\/site\/wp-json\/wp\/v2\/categories?post=5912"},{"taxonomy":"post_tag","embeddable":true,"href":"https:\/\/velo-utile.fr\/site\/wp-json\/wp\/v2\/tags?post=5912"}],"curies":[{"name":"wp","href":"https:\/\/api.w.org\/{rel}","templated":true}]}}