{"id":5255,"date":"2025-03-06T18:19:24","date_gmt":"2025-03-06T17:19:24","guid":{"rendered":"https:\/\/velo-utile.fr\/site\/?p=5255"},"modified":"2025-03-06T18:19:24","modified_gmt":"2025-03-06T17:19:24","slug":"la-balade-de-pi","status":"publish","type":"post","link":"https:\/\/velo-utile.fr\/site\/2025\/03\/la-balade-de-pi\/","title":{"rendered":"La balade de Pi"},"content":{"rendered":"<h1>Le 14 mars : c&rsquo;est la balade de Pi<\/h1>\n<p>Vendredi 3.14, c&rsquo;est le jour de Pi&#8230; V\u00e9lo Utile et le Temps des Sciences proposent une balade pour d\u00e9couvrir la ville suivant un chemin guid\u00e9 par les d\u00e9cimale de Pi pendant 65 minutes.<\/p>\n<p>&#8211; d\u00e9cimale paire : on tourne \u00e0 droite<\/p>\n<p>&#8211; d\u00e9cimale impaire : on tourne \u00e0 gauche<\/p>\n<p>Rendez-vous \u00e0 l&rsquo;\u00e9cole de l&rsquo;Etablette vendredi 14 mars \u00e0 18h30, \u00e0 l&rsquo;endroit o\u00f9 nous nous sommes arr\u00eat\u00e9s l&rsquo;an dernier. Jusqu&rsquo;o\u00f9 cela nous m\u00e8nera-t-il ?<\/p>\n<p><img loading=\"lazy\" decoding=\"async\" class=\"alignnone size-medium wp-image-5256 aligncenter\" src=\"https:\/\/velo-utile.fr\/site\/wp-content\/uploads\/2025\/03\/Pi-2025-affichette-300x205.jpg\" alt=\"\" width=\"300\" height=\"205\" srcset=\"https:\/\/velo-utile.fr\/site\/wp-content\/uploads\/2025\/03\/Pi-2025-affichette-300x205.jpg 300w, https:\/\/velo-utile.fr\/site\/wp-content\/uploads\/2025\/03\/Pi-2025-affichette-1024x700.jpg 1024w, https:\/\/velo-utile.fr\/site\/wp-content\/uploads\/2025\/03\/Pi-2025-affichette-768x525.jpg 768w, https:\/\/velo-utile.fr\/site\/wp-content\/uploads\/2025\/03\/Pi-2025-affichette-600x410.jpg 600w, https:\/\/velo-utile.fr\/site\/wp-content\/uploads\/2025\/03\/Pi-2025-affichette.jpg 1498w\" sizes=\"auto, (max-width: 300px) 100vw, 300px\" \/><\/p>\n","protected":false},"excerpt":{"rendered":"<p>Le 14 mars : c&rsquo;est la balade de Pi Vendredi 3.14, c&rsquo;est le jour de Pi&#8230; V\u00e9lo Utile et le Temps des Sciences proposent une balade pour d\u00e9couvrir la ville suivant un chemin guid\u00e9 par les d\u00e9cimale de Pi pendant<\/p>\n","protected":false},"author":12,"featured_media":0,"comment_status":"closed","ping_status":"closed","sticky":false,"template":"","format":"standard","meta":{"footnotes":""},"categories":[60,65,16],"tags":[],"class_list":["post-5255","post","type-post","status-publish","format-standard","hentry","category-actu","category-animations","category-vie-associative"],"_links":{"self":[{"href":"https:\/\/velo-utile.fr\/site\/wp-json\/wp\/v2\/posts\/5255","targetHints":{"allow":["GET"]}}],"collection":[{"href":"https:\/\/velo-utile.fr\/site\/wp-json\/wp\/v2\/posts"}],"about":[{"href":"https:\/\/velo-utile.fr\/site\/wp-json\/wp\/v2\/types\/post"}],"author":[{"embeddable":true,"href":"https:\/\/velo-utile.fr\/site\/wp-json\/wp\/v2\/users\/12"}],"replies":[{"embeddable":true,"href":"https:\/\/velo-utile.fr\/site\/wp-json\/wp\/v2\/comments?post=5255"}],"version-history":[{"count":2,"href":"https:\/\/velo-utile.fr\/site\/wp-json\/wp\/v2\/posts\/5255\/revisions"}],"predecessor-version":[{"id":5258,"href":"https:\/\/velo-utile.fr\/site\/wp-json\/wp\/v2\/posts\/5255\/revisions\/5258"}],"wp:attachment":[{"href":"https:\/\/velo-utile.fr\/site\/wp-json\/wp\/v2\/media?parent=5255"}],"wp:term":[{"taxonomy":"category","embeddable":true,"href":"https:\/\/velo-utile.fr\/site\/wp-json\/wp\/v2\/categories?post=5255"},{"taxonomy":"post_tag","embeddable":true,"href":"https:\/\/velo-utile.fr\/site\/wp-json\/wp\/v2\/tags?post=5255"}],"curies":[{"name":"wp","href":"https:\/\/api.w.org\/{rel}","templated":true}]}}