{"id":52,"date":"2017-01-22T19:23:00","date_gmt":"2017-01-22T19:23:00","guid":{"rendered":"http:\/\/velo-utile.fr\/blog02\/index.php\/2017\/01\/22\/20170122pole-dechange-multimodal-gare-de-st-brieuc\/"},"modified":"2025-12-15T18:04:40","modified_gmt":"2025-12-15T17:04:40","slug":"20170122pole-dechange-multimodal-gare-de-st-brieuc","status":"publish","type":"post","link":"https:\/\/velo-utile.fr\/site\/2017\/01\/20170122pole-dechange-multimodal-gare-de-st-brieuc\/","title":{"rendered":"P\u00f4le d\u2019\u00c9change Multimodal \u2013 Gare de St Brieuc"},"content":{"rendered":"<p><img loading=\"lazy\" decoding=\"async\" class=\"size-full wp-image-440 alignnone\" src=\"https:\/\/velo-utile.fr\/site\/wp-content\/uploads\/import\/PemGare.jpg\" alt=\"\" width=\"618\" height=\"405\" srcset=\"https:\/\/velo-utile.fr\/site\/wp-content\/uploads\/import\/PemGare.jpg 618w, https:\/\/velo-utile.fr\/site\/wp-content\/uploads\/import\/PemGare-600x393.jpg 600w\" sizes=\"auto, (max-width: 618px) 100vw, 618px\" \/><\/p>\n<p>V\u00e9lo Utile participe aux r\u00e9unions mensuelles du Comit\u00e9 de Suivi des <strong>travaux du PEM<\/strong>. Ce Comit\u00e9 de Suivi a pour vocation d\u2019informer sur l\u2019avancement du chantier sur l\u2019espace publique et les impacts sur la circulation et les riverains. Nous tenterons de vous informer des conditions qui concernent plus particuli\u00e8rement le d\u00e9placement \u00e0 v\u00e9lo.<\/p>\n<ul>\n<li>Le double giratoire au carrefour du boulevard Canot, rue S\u00e9mard, rue de Luzel est d\u00e9sormais ouvert.<\/li>\n<li>Le marquage au sol est en cours jusqu\u2019au 27 janvier 2017.<\/li>\n<li>Une phase d\u2019exp\u00e9rimentation sur l\u2019implantation des ronds centraux des giratoires va \u00eatre mise en place.<\/li>\n<li>Des dispositifs provisoires vont \u00eatre positionn\u00e9s et d\u00e9plac\u00e9s pour identifier l\u2019implantation la plus adapt\u00e9e.<\/li>\n<\/ul>\n<p>Vous pouvez faire part de vos retours sur site. Depuis la gare SNCF jusqu\u2019au carrefour Carnot\/S\u00e9mard, les travaux de la partie sud du boulevard Carnot sont engag\u00e9s jusqu\u2019\u00e0 la fin f\u00e9vrier 2017. Les am\u00e9nagements de la partie nord, avec notamment la cr\u00e9ation de la piste cyclable, seront engag\u00e9s ensuite \u00e0 partir de mars 2017.<\/p>\n<p>Sur la dur\u00e9e des travaux, la circulation des v\u00e9los est partag\u00e9e avec les voitures. Un panneau de signalisation pour inviter au respect des cyclistes est en cours de cr\u00e9ation. Cette signalisation pourra \u00eatre utilis\u00e9e lors des chantiers r\u00e9alis\u00e9s sur l\u2019agglom\u00e9ration.<\/p>\n<blockquote>\n<ul>\n<li>Dernier Comit\u00e9 de Suivi <strong>mardi 10 janvier 2017<\/strong><\/li>\n<li>Prochain Comit\u00e9 de Suivi <strong>mardi 7 f\u00e9vrier 2017<\/strong><\/li>\n<\/ul>\n<\/blockquote>\n<p>Pour s&rsquo;informer sur le PEM sur le site Internet de Saint-Brieuc Agglom\u00e9ration -&gt;\u00a0<a href=\"http:\/\/www.saintbrieuc-agglo.fr\/en-un-clic\/grands-projets\/le-pole-dechanges-multimodal\/\" target=\"_blank\">Le P\u00f4le d&rsquo;Echanges Multimodal<\/a><\/p>\n","protected":false},"excerpt":{"rendered":"<p>V\u00e9lo Utile participe aux r\u00e9unions mensuelles du Comit\u00e9 de Suivi des travaux du PEM. Ce Comit\u00e9 de Suivi a pour vocation d\u2019informer sur l\u2019avancement du chantier sur l\u2019espace publique et les impacts sur la circulation et les riverains.<\/p>\n","protected":false},"author":22,"featured_media":440,"comment_status":"closed","ping_status":"closed","sticky":false,"template":"","format":"standard","meta":{"footnotes":""},"categories":[2],"tags":[],"class_list":["post-52","post","type-post","status-publish","format-standard","has-post-thumbnail","hentry","category-commission-amenagement"],"_links":{"self":[{"href":"https:\/\/velo-utile.fr\/site\/wp-json\/wp\/v2\/posts\/52","targetHints":{"allow":["GET"]}}],"collection":[{"href":"https:\/\/velo-utile.fr\/site\/wp-json\/wp\/v2\/posts"}],"about":[{"href":"https:\/\/velo-utile.fr\/site\/wp-json\/wp\/v2\/types\/post"}],"author":[{"embeddable":true,"href":"https:\/\/velo-utile.fr\/site\/wp-json\/wp\/v2\/users\/22"}],"replies":[{"embeddable":true,"href":"https:\/\/velo-utile.fr\/site\/wp-json\/wp\/v2\/comments?post=52"}],"version-history":[{"count":5,"href":"https:\/\/velo-utile.fr\/site\/wp-json\/wp\/v2\/posts\/52\/revisions"}],"predecessor-version":[{"id":744,"href":"https:\/\/velo-utile.fr\/site\/wp-json\/wp\/v2\/posts\/52\/revisions\/744"}],"wp:featuredmedia":[{"embeddable":true,"href":"https:\/\/velo-utile.fr\/site\/wp-json\/wp\/v2\/media\/440"}],"wp:attachment":[{"href":"https:\/\/velo-utile.fr\/site\/wp-json\/wp\/v2\/media?parent=52"}],"wp:term":[{"taxonomy":"category","embeddable":true,"href":"https:\/\/velo-utile.fr\/site\/wp-json\/wp\/v2\/categories?post=52"},{"taxonomy":"post_tag","embeddable":true,"href":"https:\/\/velo-utile.fr\/site\/wp-json\/wp\/v2\/tags?post=52"}],"curies":[{"name":"wp","href":"https:\/\/api.w.org\/{rel}","templated":true}]}}