{"id":49,"date":"2016-11-14T21:26:00","date_gmt":"2016-11-14T21:26:00","guid":{"rendered":"http:\/\/velo-utile.fr\/blog02\/index.php\/2016\/11\/14\/20161113des-cyclistes-activistes-operent-la-nuit\/"},"modified":"2025-12-16T19:51:57","modified_gmt":"2025-12-16T18:51:57","slug":"20161113des-cyclistes-activistes-operent-la-nuit","status":"publish","type":"post","link":"https:\/\/velo-utile.fr\/site\/2016\/11\/20161113des-cyclistes-activistes-operent-la-nuit\/","title":{"rendered":"Des cyclistes activistes op\u00e8rent la nuit!"},"content":{"rendered":"\n<figure class=\"wp-block-image size-full\"><img loading=\"lazy\" decoding=\"async\" width=\"654\" height=\"489\" src=\"https:\/\/velo-utile.fr\/site\/wp-content\/uploads\/import\/Nov2016ActionParkingVeloRueGouenoIMG1.jpg\" alt=\"\" class=\"wp-image-418\" srcset=\"https:\/\/velo-utile.fr\/site\/wp-content\/uploads\/import\/Nov2016ActionParkingVeloRueGouenoIMG1.jpg 654w, https:\/\/velo-utile.fr\/site\/wp-content\/uploads\/import\/Nov2016ActionParkingVeloRueGouenoIMG1-600x449.jpg 600w\" sizes=\"auto, (max-width: 654px) 100vw, 654px\" \/><\/figure>\n\n\n\n<!--more-->\n\n\n\n<p>Un curieux man\u00e8ge s&rsquo;est op\u00e9r\u00e9 en pleine nuit, entre mercredi et jeudi, dans le centre-ville de Saint-Brieuc. Les d\u00e9fenseurs de la bicyclette ont d\u00e9plac\u00e9 des poubelles rue Saint-Gou\u00e9no pour rendre les arceaux aux v\u00e9los&#8230; <\/p>\n\n\n\n<p> Source: Ouest-France du 11\/11\/2016<\/p>\n\n\n\n<p><a href=\"http:\/\/www.ouest-france.fr\/bretagne\/saint-brieuc-22000\/insolite-saint-brieuc-des-cyclistes-activistes-operent-la-nuit-4602434\" target=\"_blank\" rel=\"noreferrer noopener\">http:\/\/www.ouest-france.fr\/bretagne\/saint-brieuc-22000\/insolite-saint-brieuc-des-cyclistes-activistes-operent-la-nuit-4602434<\/a><\/p>\n\n\n\n<figure class=\"wp-block-image size-full\"><img loading=\"lazy\" decoding=\"async\" width=\"640\" height=\"964\" src=\"https:\/\/velo-utile.fr\/site\/wp-content\/uploads\/import\/Nov2016ActionParkingVeloRueGouenoIMG2.jpg\" alt=\"\" class=\"wp-image-419\" srcset=\"https:\/\/velo-utile.fr\/site\/wp-content\/uploads\/import\/Nov2016ActionParkingVeloRueGouenoIMG2.jpg 640w, https:\/\/velo-utile.fr\/site\/wp-content\/uploads\/import\/Nov2016ActionParkingVeloRueGouenoIMG2-600x904.jpg 600w\" sizes=\"auto, (max-width: 640px) 100vw, 640px\" \/><\/figure>\n\n\n\n<p><br>\u00ab Avis aux habitants et aux usagers de la rue Saint-Gou\u00e9no : le panneau P veut dire Parking et non Poubelles. \u00bb<\/p>\n\n\n\n<p> Le message est pass\u00e9. Et la nuit derni\u00e8re, l&rsquo;\u00e9quipe de l&rsquo;association V\u00e9lo Utile a joint la parole aux actes. Ils ont d\u00e9plac\u00e9 tous les conteneurs \u00e0 poubelle qui squattaient le parking \u00e0 v\u00e9lo de la rue Saint-Gou\u00e9no, juste en face de l&rsquo;office de tourisme. Les poubelles occupaient les espaces entre les arceaux et emp\u00eachaient les v\u00e9los de stationner. \u00ab En effet, depuis plusieurs ann\u00e9es, les poubelles des bureaux administratifs de Saint-Brieuc Agglom\u00e9ration et des commer\u00e7ants sont stock\u00e9es sur ce parking v\u00e9lo emp\u00eachant son utilisation par les cyclistes, d\u00e9nonce V\u00e9lo Utile. <\/p>\n\n\n\n<p>Imaginons ce que peuvent penser des touristes en sortant de l\u2019office de tourisme le nez dans les poubelles ? \u00bb V\u00e9lo Utile d\u00e9nonce le manque d&rsquo;espaces pour les v\u00e9los : \u00ab Autour de la place de la R\u00e9sistance, qui offre 100 places de stationnement pour les voitures, nous comptabilisons 3 parkings \u00e0 v\u00e9lo d\u2019une capacit\u00e9 de 10 places au total pour les bicyclettes. Pas un seul arceau devant la Passerelle, sc\u00e8ne nationale de Saint-Brieuc. \u00bb<\/p>\n","protected":false},"excerpt":{"rendered":"<p>Un curieux man\u00e8ge s&rsquo;est op\u00e9r\u00e9 en pleine nuit, entre mercredi et jeudi, dans le centre-ville de Saint-Brieuc. Les d\u00e9fenseurs de la bicyclette ont d\u00e9plac\u00e9 des poubelles rue Saint-Gou\u00e9no pour rendre les arceaux aux v\u00e9los&#8230; > __Revue de presse__, Source: [Ouest-France du 11\/11\/2016|http:\/\/www.ouest-france.fr\/bretagne\/saint-brieuc-22000\/insolite-saint-brieuc-des-cyclistes-activistes-operent-la-nuit-4602434|fr|htdes-cyclistes-activistes-operent-la-nuit]((\/public\/PHOTOS_ILLUSTRATION_BILLETS\/NOV_2016_action_parking_velo_rue_goueno\/.Nov2016ActionParkingVeloRueGouenoIMG1_sq.jpg|Nov2016ActionParkingVeloRueGouenoIMG1.jpg|L|Nov2016ActionParkingVeloRueGouenoIMG1.jpg, nov. 2016)) ((\/public\/PHOTOS_ILLUSTRATION_BILLETS\/NOV_2016_action_parking_velo_rue_goueno\/.Nov2016ActionParkingVeloRueGouenoIMG2_sq.jpg|Nov2016ActionParkingVeloRueGouenoIMG2.jpg|L|Nov2016ActionParkingVeloRueGouenoIMG2.jpg, nov. 2016)) [((\/public\/PHOTOS_ILLUSTRATION_BILLETS\/NOV_2016_action_parking_velo_rue_goueno\/.Nov2016ActionParkingVeloRueGouenoIMG3_sq.jpg|Nov2016ActionParkingVeloRueGouenoIMG3.jpg|L|Nov2016ActionParkingVeloRueGouenoIMG3.jpg, nov. 2016))|\/public\/PHOTOS_ILLUSTRATION_BILLETS\/NOV_2016_action_parking_velo_rue_goueno\/Nov2016ActionParkingVeloRueGouenoIMG3.jpg||Nov2016ActionParkingVeloRueGouenoIMG3.jpg]<\/p>\n","protected":false},"author":22,"featured_media":0,"comment_status":"closed","ping_status":"closed","sticky":false,"template":"","format":"standard","meta":{"footnotes":""},"categories":[1],"tags":[],"class_list":["post-49","post","type-post","status-publish","format-standard","hentry","category-non-classe"],"_links":{"self":[{"href":"https:\/\/velo-utile.fr\/site\/wp-json\/wp\/v2\/posts\/49","targetHints":{"allow":["GET"]}}],"collection":[{"href":"https:\/\/velo-utile.fr\/site\/wp-json\/wp\/v2\/posts"}],"about":[{"href":"https:\/\/velo-utile.fr\/site\/wp-json\/wp\/v2\/types\/post"}],"author":[{"embeddable":true,"href":"https:\/\/velo-utile.fr\/site\/wp-json\/wp\/v2\/users\/22"}],"replies":[{"embeddable":true,"href":"https:\/\/velo-utile.fr\/site\/wp-json\/wp\/v2\/comments?post=49"}],"version-history":[{"count":2,"href":"https:\/\/velo-utile.fr\/site\/wp-json\/wp\/v2\/posts\/49\/revisions"}],"predecessor-version":[{"id":6059,"href":"https:\/\/velo-utile.fr\/site\/wp-json\/wp\/v2\/posts\/49\/revisions\/6059"}],"wp:attachment":[{"href":"https:\/\/velo-utile.fr\/site\/wp-json\/wp\/v2\/media?parent=49"}],"wp:term":[{"taxonomy":"category","embeddable":true,"href":"https:\/\/velo-utile.fr\/site\/wp-json\/wp\/v2\/categories?post=49"},{"taxonomy":"post_tag","embeddable":true,"href":"https:\/\/velo-utile.fr\/site\/wp-json\/wp\/v2\/tags?post=49"}],"curies":[{"name":"wp","href":"https:\/\/api.w.org\/{rel}","templated":true}]}}