{"id":48,"date":"2016-09-23T12:34:00","date_gmt":"2016-09-23T12:34:00","guid":{"rendered":"http:\/\/velo-utile.fr\/blog02\/index.php\/2016\/09\/23\/20160923travaux-sur-le-viaduc-du-gouet-circulation-cyclable\/"},"modified":"2025-12-30T11:21:35","modified_gmt":"2025-12-30T10:21:35","slug":"20160923travaux-sur-le-viaduc-du-gouet-circulation-cyclable","status":"publish","type":"post","link":"https:\/\/velo-utile.fr\/site\/2016\/09\/20160923travaux-sur-le-viaduc-du-gouet-circulation-cyclable\/","title":{"rendered":"Travaux sur le viaduc du Gou\u00ebt"},"content":{"rendered":"\n<p>Du 26 sept au 8 oct la piste cyclable &#8230; du viaduc du Gou\u00ebt est ferm\u00e9e aux cycliste. <\/p>\n\n\n\n<figure class=\"wp-block-image size-full\"><img loading=\"lazy\" decoding=\"async\" width=\"908\" height=\"600\" src=\"https:\/\/velo-utile.fr\/site\/wp-content\/uploads\/import\/Sept2016TravauxRn12.jpg\" alt=\"\" class=\"wp-image-482\" srcset=\"https:\/\/velo-utile.fr\/site\/wp-content\/uploads\/import\/Sept2016TravauxRn12.jpg 908w, https:\/\/velo-utile.fr\/site\/wp-content\/uploads\/import\/Sept2016TravauxRn12-600x396.jpg 600w\" sizes=\"auto, (max-width: 908px) 100vw, 908px\" \/><\/figure>\n\n\n\n<p>V\u00e9lo-Utile a adress\u00e9 un courrier \u00e0 la Direction interd\u00e9partementale des routes Ouest pour signifier son \u00e9tonnement et d\u00e9plorer la fermeture de la piste cyclable durant les travaux.<\/p>\n\n\n\n<!--more-->\n\n\n\n<div data-wp-interactive=\"core\/file\" class=\"wp-block-file\"><object data-wp-bind--hidden=\"!state.hasPdfPreview\" hidden class=\"wp-block-file__embed\" data=\"https:\/\/velo-utile.fr\/site\/wp-content\/uploads\/import\/2016-09-20_viaduc_lettre_a_diro.pdf\" type=\"application\/pdf\" style=\"width:100%;height:600px\" aria-label=\"Contenu embarqu\u00e9 2016-09-20_viaduc_lettre_a_diro.\"><\/object><a id=\"wp-block-file--media-ff048a25-a953-4f3b-84b3-36fb63ad00ac\" href=\"https:\/\/velo-utile.fr\/site\/wp-content\/uploads\/import\/2016-09-20_viaduc_lettre_a_diro.pdf\">2016-09-20_viaduc_lettre_a_diro<\/a><a href=\"https:\/\/velo-utile.fr\/site\/wp-content\/uploads\/import\/2016-09-20_viaduc_lettre_a_diro.pdf\" class=\"wp-block-file__button wp-element-button\" download aria-describedby=\"wp-block-file--media-ff048a25-a953-4f3b-84b3-36fb63ad00ac\">T\u00e9l\u00e9charger<\/a><\/div>\n\n\n\n<div data-wp-interactive=\"core\/file\" class=\"wp-block-file\"><object data-wp-bind--hidden=\"!state.hasPdfPreview\" hidden class=\"wp-block-file__embed\" data=\"https:\/\/velo-utile.fr\/site\/wp-content\/uploads\/import\/2016-09-20_Communique_presse_viaduc.pdf\" type=\"application\/pdf\" style=\"width:100%;height:600px\" aria-label=\"Contenu embarqu\u00e9 2016-09-20_Communique_presse_viaduc.\"><\/object><a id=\"wp-block-file--media-26108941-d482-4242-979f-80efe5706fa8\" href=\"https:\/\/velo-utile.fr\/site\/wp-content\/uploads\/import\/2016-09-20_Communique_presse_viaduc.pdf\">2016-09-20_Communique_presse_viaduc<\/a><a href=\"https:\/\/velo-utile.fr\/site\/wp-content\/uploads\/import\/2016-09-20_Communique_presse_viaduc.pdf\" class=\"wp-block-file__button wp-element-button\" download aria-describedby=\"wp-block-file--media-26108941-d482-4242-979f-80efe5706fa8\">T\u00e9l\u00e9charger<\/a><\/div>\n\n\n\n<p><a href=\"http:\/\/www.letelegramme.fr\/cotes-darmor\/saint-brieuc\/viaduc-en-travaux-ca-gonfle-aussi-les-velos-24-09-2016-11229428.php\" target=\"_blank\" rel=\"noreferrer noopener\"> l&rsquo;article du t\u00e9l\u00e9gramme 24\/09 \u00ab\u00a0Viaduc en travaux. \u00c7a gonfle aussi les v\u00e9los !<\/a><\/p>\n\n\n\n<p><br><\/p>\n","protected":false},"excerpt":{"rendered":"<p>Du 26 sept au 8 oct la piste cyclable &#8230; du viaduc du Gou\u00ebt est ferm\u00e9e aux cycliste. V\u00e9lo-Utile a adress\u00e9 un courrier \u00e0 la Direction interd\u00e9partementale des routes Ouest pour signifier son \u00e9tonnement et d\u00e9plorer la fermeture de la piste cyclable durant les travaux. > [T\u00e9l\u00e9charger le communiqu\u00e9 de presse|\/public\/articles_Ammenagement\/2016-09-20_Communique_presse_viaduc.pdf|fr|Communique_presse_viaduc] > [T\u00e9l\u00e9charger le courrier|\/public\/articles_Ammenagement\/2016-09-20_viaduc_lettre_a_diro.pdf|fr|lettre_a_diro] > l&rsquo;article du t\u00e9l\u00e9gramme 24\/09 \u00ab\u00a0[Viaduc en travaux. \u00c7a gonfle aussi les v\u00e9los !|http:\/\/www.letelegramme.fr\/cotes-darmor\/saint-brieuc\/viaduc-en-travaux-ca-gonfle-aussi-les-velos-24-09-2016-11229428.php?share_auth=a3075a9b490cbfc91da596269c4f111b#closePopUp|fr|http:\/\/www.letelegramme.fr\/cotes-darmor\/saint-brieuc\/viaduc-en-travaux-ca-gonfle-aussi-les-velos-24-09-2016-11229428.php?share_auth=a3075a9b490cbfc91da596269c4f111b#closePopUp]\u00a0\u00bb<\/p>\n","protected":false},"author":22,"featured_media":0,"comment_status":"closed","ping_status":"closed","sticky":false,"template":"","format":"standard","meta":{"footnotes":""},"categories":[2,71],"tags":[],"class_list":["post-48","post","type-post","status-publish","format-standard","hentry","category-commission-amenagement","category-presse"],"_links":{"self":[{"href":"https:\/\/velo-utile.fr\/site\/wp-json\/wp\/v2\/posts\/48","targetHints":{"allow":["GET"]}}],"collection":[{"href":"https:\/\/velo-utile.fr\/site\/wp-json\/wp\/v2\/posts"}],"about":[{"href":"https:\/\/velo-utile.fr\/site\/wp-json\/wp\/v2\/types\/post"}],"author":[{"embeddable":true,"href":"https:\/\/velo-utile.fr\/site\/wp-json\/wp\/v2\/users\/22"}],"replies":[{"embeddable":true,"href":"https:\/\/velo-utile.fr\/site\/wp-json\/wp\/v2\/comments?post=48"}],"version-history":[{"count":2,"href":"https:\/\/velo-utile.fr\/site\/wp-json\/wp\/v2\/posts\/48\/revisions"}],"predecessor-version":[{"id":6075,"href":"https:\/\/velo-utile.fr\/site\/wp-json\/wp\/v2\/posts\/48\/revisions\/6075"}],"wp:attachment":[{"href":"https:\/\/velo-utile.fr\/site\/wp-json\/wp\/v2\/media?parent=48"}],"wp:term":[{"taxonomy":"category","embeddable":true,"href":"https:\/\/velo-utile.fr\/site\/wp-json\/wp\/v2\/categories?post=48"},{"taxonomy":"post_tag","embeddable":true,"href":"https:\/\/velo-utile.fr\/site\/wp-json\/wp\/v2\/tags?post=48"}],"curies":[{"name":"wp","href":"https:\/\/api.w.org\/{rel}","templated":true}]}}