{"id":4567,"date":"2024-07-03T09:55:55","date_gmt":"2024-07-03T07:55:55","guid":{"rendered":"https:\/\/velo-utile.fr\/site\/?p=4567"},"modified":"2024-07-03T09:56:12","modified_gmt":"2024-07-03T07:56:12","slug":"projection-le-cap-nord-en-cycle-libre","status":"publish","type":"post","link":"https:\/\/velo-utile.fr\/site\/2024\/07\/projection-le-cap-nord-en-cycle-libre\/","title":{"rendered":"Projection : Le Cap Nord en Cycle Libre"},"content":{"rendered":"<p>\u00ab\u00a0Le Cap Nord en Cycle Libre\u00a0\u00bb, le vendredi 5 juillet, \u00e0 20h, maison de quartier de Robien \u00e0 Saint-Brieuc. 3300 kilom\u00e8tres, 51 jours, de la glace, de la nuit et du bonheur, avec Blandine Dupuis.<\/p>\n<p>Tarif au chapeau &#8230;.<\/p>\n<p>Voir le teaser : <a href=\"https:\/\/www.youtube.com\/watch?v=tTamZ-q4GEs\">https:\/\/www.youtube.com\/watch?v=tTamZ-q4GEs<\/a><\/p>\n","protected":false},"excerpt":{"rendered":"<p>\u00ab\u00a0Le Cap Nord en Cycle Libre\u00a0\u00bb, le vendredi 5 juillet, \u00e0 20h, maison de quartier de Robien \u00e0 Saint-Brieuc. 3300 kilom\u00e8tres, 51 jours, de la glace, de la nuit et du bonheur, avec Blandine Dupuis. Tarif au chapeau &#8230;. Voir<\/p>\n","protected":false},"author":10,"featured_media":0,"comment_status":"closed","ping_status":"closed","sticky":false,"template":"","format":"standard","meta":{"footnotes":""},"categories":[60,65,15],"tags":[],"class_list":["post-4567","post","type-post","status-publish","format-standard","hentry","category-actu","category-animations","category-forum-osez-partir"],"_links":{"self":[{"href":"https:\/\/velo-utile.fr\/site\/wp-json\/wp\/v2\/posts\/4567","targetHints":{"allow":["GET"]}}],"collection":[{"href":"https:\/\/velo-utile.fr\/site\/wp-json\/wp\/v2\/posts"}],"about":[{"href":"https:\/\/velo-utile.fr\/site\/wp-json\/wp\/v2\/types\/post"}],"author":[{"embeddable":true,"href":"https:\/\/velo-utile.fr\/site\/wp-json\/wp\/v2\/users\/10"}],"replies":[{"embeddable":true,"href":"https:\/\/velo-utile.fr\/site\/wp-json\/wp\/v2\/comments?post=4567"}],"version-history":[{"count":1,"href":"https:\/\/velo-utile.fr\/site\/wp-json\/wp\/v2\/posts\/4567\/revisions"}],"predecessor-version":[{"id":4568,"href":"https:\/\/velo-utile.fr\/site\/wp-json\/wp\/v2\/posts\/4567\/revisions\/4568"}],"wp:attachment":[{"href":"https:\/\/velo-utile.fr\/site\/wp-json\/wp\/v2\/media?parent=4567"}],"wp:term":[{"taxonomy":"category","embeddable":true,"href":"https:\/\/velo-utile.fr\/site\/wp-json\/wp\/v2\/categories?post=4567"},{"taxonomy":"post_tag","embeddable":true,"href":"https:\/\/velo-utile.fr\/site\/wp-json\/wp\/v2\/tags?post=4567"}],"curies":[{"name":"wp","href":"https:\/\/api.w.org\/{rel}","templated":true}]}}