{"id":4306,"date":"2024-03-09T15:25:15","date_gmt":"2024-03-09T14:25:15","guid":{"rendered":"https:\/\/velo-utile.fr\/site\/?p=4306"},"modified":"2024-11-13T14:14:01","modified_gmt":"2024-11-13T13:14:01","slug":"velorutions","status":"publish","type":"post","link":"https:\/\/velo-utile.fr\/site\/2024\/03\/velorutions\/","title":{"rendered":"V\u00e9lorutions"},"content":{"rendered":"<h3 class=\"null\"><img loading=\"lazy\" decoding=\"async\" class=\"wp-image-4948 alignnone\" src=\"https:\/\/velo-utile.fr\/site\/wp-content\/uploads\/2024\/03\/velorution-300x300.png\" alt=\"\" width=\"37\" height=\"37\" srcset=\"https:\/\/velo-utile.fr\/site\/wp-content\/uploads\/2024\/03\/velorution-300x300.png 300w, https:\/\/velo-utile.fr\/site\/wp-content\/uploads\/2024\/03\/velorution-1024x1024.png 1024w, https:\/\/velo-utile.fr\/site\/wp-content\/uploads\/2024\/03\/velorution-150x150.png 150w, https:\/\/velo-utile.fr\/site\/wp-content\/uploads\/2024\/03\/velorution-768x768.png 768w, https:\/\/velo-utile.fr\/site\/wp-content\/uploads\/2024\/03\/velorution-270x270.png 270w, https:\/\/velo-utile.fr\/site\/wp-content\/uploads\/2024\/03\/velorution-230x230.png 230w, https:\/\/velo-utile.fr\/site\/wp-content\/uploads\/2024\/03\/velorution-600x600.png 600w, https:\/\/velo-utile.fr\/site\/wp-content\/uploads\/2024\/03\/velorution-100x100.png 100w, https:\/\/velo-utile.fr\/site\/wp-content\/uploads\/2024\/03\/velorution.png 1080w\" sizes=\"auto, (max-width: 37px) 100vw, 37px\" \/> Le dernier vendredi de chaque mois \u00e0 18h<\/h3>\n<p>Tous les derniers vendredis du mois, participe \u00e0 la <a href=\"https:\/\/wiklou.org\/wiki\/Masses_critiques\" target=\"_blank\" rel=\"noopener\">masse critique<\/a> (ou <a href=\"https:\/\/velorution.org\/\" target=\"_blank\" rel=\"noopener\">velorution<\/a>) pour montrer que le v\u00e9lo c&rsquo;est bien plus sympa que la voiture\u00a0 pour se d\u00e9placer sur Saint Brieuc<\/p>\n<p>Chaque dernier vendredi du mois, d\u00e9part \u00e0 18h de la place Duguesclin<img loading=\"lazy\" decoding=\"async\" class=\"alignright wp-image-4947\" src=\"https:\/\/velo-utile.fr\/site\/wp-content\/uploads\/2024\/03\/veloruc-300x291.png\" alt=\"Un cadenas U brandi par un poing lev\u00e9\" width=\"210\" height=\"204\" srcset=\"https:\/\/velo-utile.fr\/site\/wp-content\/uploads\/2024\/03\/veloruc-300x291.png 300w, https:\/\/velo-utile.fr\/site\/wp-content\/uploads\/2024\/03\/veloruc-1024x992.png 1024w, https:\/\/velo-utile.fr\/site\/wp-content\/uploads\/2024\/03\/veloruc-768x744.png 768w, https:\/\/velo-utile.fr\/site\/wp-content\/uploads\/2024\/03\/veloruc-600x581.png 600w, https:\/\/velo-utile.fr\/site\/wp-content\/uploads\/2024\/03\/veloruc.png 1397w\" sizes=\"auto, (max-width: 210px) 100vw, 210px\" \/><\/p>\n<p>Tu peux suivre la masse critique sur les r\u00e9seaux :<br \/>\n<a href=\"https:\/\/linktr.ee\/massecritiquesaintbrieuc\" target=\"_blank\" rel=\"noopener\" data-saferedirecturl=\"https:\/\/www.google.com\/url?q=https:\/\/linktr.ee\/massecritiquesaintbrieuc&amp;source=gmail&amp;ust=1709853911298000&amp;usg=AOvVaw2t8Bpid3t3O0tVSjb8kAme\" data-cke-saved-href=\"https:\/\/linktr.ee\/massecritiquesaintbrieuc\">https:\/\/linktr.ee\/massecritiquesaintbrieuc<\/a><\/p>\n<p>Tu peux suivre et rejoindre aussi les diff\u00e9rentes masses critiques en Europe : Londres, Bruxelles, Berlin, Munich, Rome, Milan Bordeaux, Toulouse&#8230;et Saint Brieuc avec <a href=\"https:\/\/www.criticalmaps.net\/map\" target=\"_blank\" rel=\"noopener\">Critical Maps<\/a><\/p>\n","protected":false},"excerpt":{"rendered":"<p>Le dernier vendredi de chaque mois \u00e0 18h Tous les derniers vendredis du mois, participe \u00e0 la masse critique (ou velorution) pour montrer que le v\u00e9lo c&rsquo;est bien plus sympa que la voiture\u00a0 pour se d\u00e9placer sur Saint Brieuc Chaque<\/p>\n","protected":false},"author":12,"featured_media":0,"comment_status":"closed","ping_status":"closed","sticky":false,"template":"","format":"standard","meta":{"footnotes":""},"categories":[60,65,16],"tags":[],"class_list":["post-4306","post","type-post","status-publish","format-standard","hentry","category-actu","category-animations","category-vie-associative"],"_links":{"self":[{"href":"https:\/\/velo-utile.fr\/site\/wp-json\/wp\/v2\/posts\/4306","targetHints":{"allow":["GET"]}}],"collection":[{"href":"https:\/\/velo-utile.fr\/site\/wp-json\/wp\/v2\/posts"}],"about":[{"href":"https:\/\/velo-utile.fr\/site\/wp-json\/wp\/v2\/types\/post"}],"author":[{"embeddable":true,"href":"https:\/\/velo-utile.fr\/site\/wp-json\/wp\/v2\/users\/12"}],"replies":[{"embeddable":true,"href":"https:\/\/velo-utile.fr\/site\/wp-json\/wp\/v2\/comments?post=4306"}],"version-history":[{"count":4,"href":"https:\/\/velo-utile.fr\/site\/wp-json\/wp\/v2\/posts\/4306\/revisions"}],"predecessor-version":[{"id":4950,"href":"https:\/\/velo-utile.fr\/site\/wp-json\/wp\/v2\/posts\/4306\/revisions\/4950"}],"wp:attachment":[{"href":"https:\/\/velo-utile.fr\/site\/wp-json\/wp\/v2\/media?parent=4306"}],"wp:term":[{"taxonomy":"category","embeddable":true,"href":"https:\/\/velo-utile.fr\/site\/wp-json\/wp\/v2\/categories?post=4306"},{"taxonomy":"post_tag","embeddable":true,"href":"https:\/\/velo-utile.fr\/site\/wp-json\/wp\/v2\/tags?post=4306"}],"curies":[{"name":"wp","href":"https:\/\/api.w.org\/{rel}","templated":true}]}}