{"id":4198,"date":"2024-02-10T13:55:42","date_gmt":"2024-02-10T12:55:42","guid":{"rendered":"https:\/\/velo-utile.fr\/site\/?p=4198"},"modified":"2024-02-10T13:55:42","modified_gmt":"2024-02-10T12:55:42","slug":"la-balade-des-poetes-de-robien","status":"publish","type":"post","link":"https:\/\/velo-utile.fr\/site\/2024\/02\/la-balade-des-poetes-de-robien\/","title":{"rendered":"La balade des po\u00e8tes de Robien"},"content":{"rendered":"<h3 class=\"null\">Dimanche 17 mars<\/h3>\n<div><img loading=\"lazy\" decoding=\"async\" class=\"size-medium wp-image-4199 alignleft\" src=\"https:\/\/velo-utile.fr\/site\/wp-content\/uploads\/2024\/02\/unnamed2-211x300.jpg\" alt=\"\" width=\"211\" height=\"300\" srcset=\"https:\/\/velo-utile.fr\/site\/wp-content\/uploads\/2024\/02\/unnamed2-211x300.jpg 211w, https:\/\/velo-utile.fr\/site\/wp-content\/uploads\/2024\/02\/unnamed2-721x1024.jpg 721w, https:\/\/velo-utile.fr\/site\/wp-content\/uploads\/2024\/02\/unnamed2-600x852.jpg 600w, https:\/\/velo-utile.fr\/site\/wp-content\/uploads\/2024\/02\/unnamed2.jpg 752w\" sizes=\"auto, (max-width: 211px) 100vw, 211px\" \/><br \/>\nLa balade des po\u00e8tes de Robien, c&rsquo;est une promenade tranquille dans le quartier pour \u00e9couter des po\u00e9sies.<\/p>\n<p>On peut venir \u00e0 pied, \u00e0 trottinette<br \/>\nou \u00e0 v\u00e9lo.<\/p>\n<p>Rendez-vous \u00e0 14h30 esplanade<br \/>\nde la gare.<\/p><\/div>\n","protected":false},"excerpt":{"rendered":"<p>Dimanche 17 mars La balade des po\u00e8tes de Robien, c&rsquo;est une promenade tranquille dans le quartier pour \u00e9couter des po\u00e9sies. On peut venir \u00e0 pied, \u00e0 trottinette ou \u00e0 v\u00e9lo. Rendez-vous \u00e0 14h30 esplanade de la gare.<\/p>\n","protected":false},"author":12,"featured_media":0,"comment_status":"closed","ping_status":"closed","sticky":false,"template":"","format":"standard","meta":{"footnotes":""},"categories":[60,65,16],"tags":[],"class_list":["post-4198","post","type-post","status-publish","format-standard","hentry","category-actu","category-animations","category-vie-associative"],"_links":{"self":[{"href":"https:\/\/velo-utile.fr\/site\/wp-json\/wp\/v2\/posts\/4198","targetHints":{"allow":["GET"]}}],"collection":[{"href":"https:\/\/velo-utile.fr\/site\/wp-json\/wp\/v2\/posts"}],"about":[{"href":"https:\/\/velo-utile.fr\/site\/wp-json\/wp\/v2\/types\/post"}],"author":[{"embeddable":true,"href":"https:\/\/velo-utile.fr\/site\/wp-json\/wp\/v2\/users\/12"}],"replies":[{"embeddable":true,"href":"https:\/\/velo-utile.fr\/site\/wp-json\/wp\/v2\/comments?post=4198"}],"version-history":[{"count":1,"href":"https:\/\/velo-utile.fr\/site\/wp-json\/wp\/v2\/posts\/4198\/revisions"}],"predecessor-version":[{"id":4200,"href":"https:\/\/velo-utile.fr\/site\/wp-json\/wp\/v2\/posts\/4198\/revisions\/4200"}],"wp:attachment":[{"href":"https:\/\/velo-utile.fr\/site\/wp-json\/wp\/v2\/media?parent=4198"}],"wp:term":[{"taxonomy":"category","embeddable":true,"href":"https:\/\/velo-utile.fr\/site\/wp-json\/wp\/v2\/categories?post=4198"},{"taxonomy":"post_tag","embeddable":true,"href":"https:\/\/velo-utile.fr\/site\/wp-json\/wp\/v2\/tags?post=4198"}],"curies":[{"name":"wp","href":"https:\/\/api.w.org\/{rel}","templated":true}]}}