{"id":4191,"date":"2024-02-10T13:52:35","date_gmt":"2024-02-10T12:52:35","guid":{"rendered":"https:\/\/velo-utile.fr\/site\/?p=4191"},"modified":"2024-02-10T13:52:35","modified_gmt":"2024-02-10T12:52:35","slug":"osez-partir-a-velo-2024-2","status":"publish","type":"post","link":"https:\/\/velo-utile.fr\/site\/2024\/02\/osez-partir-a-velo-2024-2\/","title":{"rendered":"Osez Partir \u00e0 V\u00e9lo 2024"},"content":{"rendered":"<h3 class=\"null\">Samedi 25 et dimanche 26 mai<br \/>\n<img loading=\"lazy\" decoding=\"async\" class=\"size-medium wp-image-4193 aligncenter\" src=\"https:\/\/velo-utile.fr\/site\/wp-content\/uploads\/2024\/02\/OPAV2024_A3-1-217x300.jpg\" alt=\"\" width=\"217\" height=\"300\" srcset=\"https:\/\/velo-utile.fr\/site\/wp-content\/uploads\/2024\/02\/OPAV2024_A3-1-217x300.jpg 217w, https:\/\/velo-utile.fr\/site\/wp-content\/uploads\/2024\/02\/OPAV2024_A3-1-740x1024.jpg 740w, https:\/\/velo-utile.fr\/site\/wp-content\/uploads\/2024\/02\/OPAV2024_A3-1-768x1063.jpg 768w, https:\/\/velo-utile.fr\/site\/wp-content\/uploads\/2024\/02\/OPAV2024_A3-1-1110x1536.jpg 1110w, https:\/\/velo-utile.fr\/site\/wp-content\/uploads\/2024\/02\/OPAV2024_A3-1-1479x2048.jpg 1479w, https:\/\/velo-utile.fr\/site\/wp-content\/uploads\/2024\/02\/OPAV2024_A3-1-600x831.jpg 600w, https:\/\/velo-utile.fr\/site\/wp-content\/uploads\/2024\/02\/OPAV2024_A3-1-scaled.jpg 1849w\" sizes=\"auto, (max-width: 217px) 100vw, 217px\" \/><\/h3>\n<div class=\"xdj266r x11i5rnm xat24cr x1mh8g0r x1vvkbs\"><span class=\"x13faqbe x193iq5w x1943h6x x1cpjm7i x1fgarty x1gmr53x x1lliihq x1s928wv x1vvkbs x1xmvt09 x3x7a5m x6prxxf xeuugli xhkezso xo1l8bm xudqn12 xvq8zen xzsf02u\" dir=\"auto\">C&rsquo;est parti pour la 6\u00e8me \u00e9dition !<br \/>\n\u00e0 la Villa Rohannec&rsquo;h de Saint-Brieuc<span class=\"x1fcty0u x1j61x8r x1kky2od x3nfvp2 xat24cr xdj266r xgzva0m xhhsvwb xlup9mm xxymvpz\"><img loading=\"lazy\" decoding=\"async\" class=\"xz74otr\" src=\"https:\/\/static.xx.fbcdn.net\/images\/emoji.php\/v9\/tc6\/1.5\/16\/1f973.png\" alt=\"&#x1f973;\" width=\"16\" height=\"16\" data-cke-saved-src=\"https:\/\/static.xx.fbcdn.net\/images\/emoji.php\/v9\/tc6\/1.5\/16\/1f973.png\" \/><\/span><\/span><\/p>\n<\/div>\n<div class=\"x11i5rnm xat24cr x1mh8g0r x1vvkbs xtlvy1s\"><strong>Osez partir \u00e0 v\u00e9lo, c\u2019est le salon du voyage \u00e0 v\u00e9lo.<br \/>\nOrganis\u00e9 \u00e0 Saint-Brieuc par l\u2019association V\u00e9lo Utile,<br \/>\nil permet de rencontrer des voyageurs \u00e0 v\u00e9lo, d\u2019assister \u00e0 des conf\u00e9rences th\u00e9matiques,<br \/>\nd\u2019\u00e9changer entre voyageurs, de profiter de stands de professionnels.<\/p>\n<p><em>On a toujours besoin de petits coups de main pour l&rsquo;organisation,<br \/>\nn&rsquo;h\u00e9sitez pas \u00e0 venir vers nous &#8230;<\/em><\/strong><\/div>\n","protected":false},"excerpt":{"rendered":"<p>Samedi 25 et dimanche 26 mai C&rsquo;est parti pour la 6\u00e8me \u00e9dition ! \u00e0 la Villa Rohannec&rsquo;h de Saint-Brieuc Osez partir \u00e0 v\u00e9lo, c\u2019est le salon du voyage \u00e0 v\u00e9lo. Organis\u00e9 \u00e0 Saint-Brieuc par l\u2019association V\u00e9lo Utile, il permet de<\/p>\n","protected":false},"author":12,"featured_media":0,"comment_status":"closed","ping_status":"closed","sticky":false,"template":"","format":"standard","meta":{"footnotes":""},"categories":[60,65,15,16],"tags":[],"class_list":["post-4191","post","type-post","status-publish","format-standard","hentry","category-actu","category-animations","category-forum-osez-partir","category-vie-associative"],"_links":{"self":[{"href":"https:\/\/velo-utile.fr\/site\/wp-json\/wp\/v2\/posts\/4191","targetHints":{"allow":["GET"]}}],"collection":[{"href":"https:\/\/velo-utile.fr\/site\/wp-json\/wp\/v2\/posts"}],"about":[{"href":"https:\/\/velo-utile.fr\/site\/wp-json\/wp\/v2\/types\/post"}],"author":[{"embeddable":true,"href":"https:\/\/velo-utile.fr\/site\/wp-json\/wp\/v2\/users\/12"}],"replies":[{"embeddable":true,"href":"https:\/\/velo-utile.fr\/site\/wp-json\/wp\/v2\/comments?post=4191"}],"version-history":[{"count":1,"href":"https:\/\/velo-utile.fr\/site\/wp-json\/wp\/v2\/posts\/4191\/revisions"}],"predecessor-version":[{"id":4194,"href":"https:\/\/velo-utile.fr\/site\/wp-json\/wp\/v2\/posts\/4191\/revisions\/4194"}],"wp:attachment":[{"href":"https:\/\/velo-utile.fr\/site\/wp-json\/wp\/v2\/media?parent=4191"}],"wp:term":[{"taxonomy":"category","embeddable":true,"href":"https:\/\/velo-utile.fr\/site\/wp-json\/wp\/v2\/categories?post=4191"},{"taxonomy":"post_tag","embeddable":true,"href":"https:\/\/velo-utile.fr\/site\/wp-json\/wp\/v2\/tags?post=4191"}],"curies":[{"name":"wp","href":"https:\/\/api.w.org\/{rel}","templated":true}]}}