{"id":4188,"date":"2024-02-10T13:50:14","date_gmt":"2024-02-10T12:50:14","guid":{"rendered":"https:\/\/velo-utile.fr\/site\/?p=4188"},"modified":"2024-02-10T13:50:14","modified_gmt":"2024-02-10T12:50:14","slug":"le-challenge-des-mobilites","status":"publish","type":"post","link":"https:\/\/velo-utile.fr\/site\/2024\/02\/le-challenge-des-mobilites\/","title":{"rendered":"Le Challenge des Mobilit\u00e9s"},"content":{"rendered":"<h3 class=\"null\">Du 13 au 19 mai 2024<\/h3>\n<p><img loading=\"lazy\" decoding=\"async\" class=\"size-medium wp-image-4189 aligncenter\" src=\"https:\/\/velo-utile.fr\/site\/wp-content\/uploads\/2024\/02\/A3-CMSBA2024-212x300.png\" alt=\"\" width=\"212\" height=\"300\" srcset=\"https:\/\/velo-utile.fr\/site\/wp-content\/uploads\/2024\/02\/A3-CMSBA2024-212x300.png 212w, https:\/\/velo-utile.fr\/site\/wp-content\/uploads\/2024\/02\/A3-CMSBA2024-724x1024.png 724w, https:\/\/velo-utile.fr\/site\/wp-content\/uploads\/2024\/02\/A3-CMSBA2024-768x1086.png 768w, https:\/\/velo-utile.fr\/site\/wp-content\/uploads\/2024\/02\/A3-CMSBA2024-600x849.png 600w, https:\/\/velo-utile.fr\/site\/wp-content\/uploads\/2024\/02\/A3-CMSBA2024.png 842w\" sizes=\"auto, (max-width: 212px) 100vw, 212px\" \/>C\u2019est reparti pour le CHALLENGE DES MOBILIT\u00c9S !<br \/>\nPensez \u00e0 inscrire vos employeurs mais aussi les associations dont vous faites partie et les \u00e9tablissements scolaires de vos enfants afin de faire de cette semaine un levier du changement des pratiques de mobilit\u00e9 sur le territoire. Merci \u00e0 tous\u00a0!<\/p>\n<p><a href=\"http:\/\/challenge-velo-utile.fr\" target=\"_blank\" rel=\"noopener\" data-saferedirecturl=\"https:\/\/www.google.com\/url?q=http:\/\/challenge-velo-utile.fr&amp;source=gmail&amp;ust=1707400552389000&amp;usg=AOvVaw1_fMqJ4Q6WCF1tscMJ04z-\" data-cke-saved-href=\"http:\/\/challenge-velo-utile.fr\">challenge-velo-utile.fr<\/a><\/p>\n","protected":false},"excerpt":{"rendered":"<p>Du 13 au 19 mai 2024 C\u2019est reparti pour le CHALLENGE DES MOBILIT\u00c9S ! Pensez \u00e0 inscrire vos employeurs mais aussi les associations dont vous faites partie et les \u00e9tablissements scolaires de vos enfants afin de faire de cette semaine<\/p>\n","protected":false},"author":12,"featured_media":0,"comment_status":"closed","ping_status":"closed","sticky":false,"template":"","format":"standard","meta":{"footnotes":""},"categories":[60,65,20,16],"tags":[],"class_list":["post-4188","post","type-post","status-publish","format-standard","hentry","category-actu","category-animations","category-challenge-a-velo-au-boulot","category-vie-associative"],"_links":{"self":[{"href":"https:\/\/velo-utile.fr\/site\/wp-json\/wp\/v2\/posts\/4188","targetHints":{"allow":["GET"]}}],"collection":[{"href":"https:\/\/velo-utile.fr\/site\/wp-json\/wp\/v2\/posts"}],"about":[{"href":"https:\/\/velo-utile.fr\/site\/wp-json\/wp\/v2\/types\/post"}],"author":[{"embeddable":true,"href":"https:\/\/velo-utile.fr\/site\/wp-json\/wp\/v2\/users\/12"}],"replies":[{"embeddable":true,"href":"https:\/\/velo-utile.fr\/site\/wp-json\/wp\/v2\/comments?post=4188"}],"version-history":[{"count":1,"href":"https:\/\/velo-utile.fr\/site\/wp-json\/wp\/v2\/posts\/4188\/revisions"}],"predecessor-version":[{"id":4190,"href":"https:\/\/velo-utile.fr\/site\/wp-json\/wp\/v2\/posts\/4188\/revisions\/4190"}],"wp:attachment":[{"href":"https:\/\/velo-utile.fr\/site\/wp-json\/wp\/v2\/media?parent=4188"}],"wp:term":[{"taxonomy":"category","embeddable":true,"href":"https:\/\/velo-utile.fr\/site\/wp-json\/wp\/v2\/categories?post=4188"},{"taxonomy":"post_tag","embeddable":true,"href":"https:\/\/velo-utile.fr\/site\/wp-json\/wp\/v2\/tags?post=4188"}],"curies":[{"name":"wp","href":"https:\/\/api.w.org\/{rel}","templated":true}]}}