{"id":4134,"date":"2023-12-13T18:35:10","date_gmt":"2023-12-13T17:35:10","guid":{"rendered":"https:\/\/velo-utile.fr\/site\/?p=4134"},"modified":"2023-12-13T18:35:10","modified_gmt":"2023-12-13T17:35:10","slug":"le-noel-de-velo-utile","status":"publish","type":"post","link":"https:\/\/velo-utile.fr\/site\/2023\/12\/le-noel-de-velo-utile\/","title":{"rendered":"Le No\u00ebl de V\u00e9lo Utile"},"content":{"rendered":"<h3 class=\"null\">Vendredi 22 d\u00e9cembre,<br \/>\nConcours de dessin, musique et auberge espagnole<\/h3>\n<div dir=\"auto\">\n<div id=\":r17o:\" class=\"x1iorvi4 x1pi30zi x1l90r2v x1swvt13\" data-ad-comet-preview=\"message\" data-ad-preview=\"message\">\n<div class=\"x78zum5 xdt5ytf xz62fqu x16ldp7u\">\n<div class=\"xu06os2 x1ok221b\">\n<div class=\"xdj266r x11i5rnm xat24cr x1mh8g0r x1vvkbs x126k92a\">\n<div dir=\"auto\" style=\"text-align: center\">\n<span class=\"x13faqbe x193iq5w x1943h6x x1cpjm7i x1fgarty x1gmr53x x1lliihq x1s928wv x1vvkbs x1xmvt09 x1yc453h x3x7a5m x6prxxf xeuugli xhkezso xo1l8bm xudqn12 xvq8zen xzsf02u\" dir=\"auto\">R\u00e9servez dans votre agenda le vendredi 22 d\u00e9cembre \u00e0 19h.<\/span><\/div>\n<div dir=\"auto\" style=\"text-align: center\"><span class=\"x13faqbe x193iq5w x1943h6x x1cpjm7i x1fgarty x1gmr53x x1lliihq x1s928wv x1vvkbs x1xmvt09 x1yc453h x3x7a5m x6prxxf xeuugli xhkezso xo1l8bm xudqn12 xvq8zen xzsf02u\" dir=\"auto\">Il y aura un tirage au sort pour gagner 2 v\u00e9los enfants :<br \/>\n\u00e0 vos crayons les enfants, faites un dessin pour participer au tirage !!<\/span><\/div>\n<div dir=\"auto\"><\/div>\n<div dir=\"auto\"><img loading=\"lazy\" decoding=\"async\" class=\"size-medium wp-image-4135 aligncenter\" src=\"https:\/\/velo-utile.fr\/site\/wp-content\/uploads\/2023\/12\/408152622_366642682418860_8279876969708183941_n-300x251.jpg\" alt=\"\" width=\"300\" height=\"251\" srcset=\"https:\/\/velo-utile.fr\/site\/wp-content\/uploads\/2023\/12\/408152622_366642682418860_8279876969708183941_n-300x251.jpg 300w, https:\/\/velo-utile.fr\/site\/wp-content\/uploads\/2023\/12\/408152622_366642682418860_8279876969708183941_n-768x644.jpg 768w, https:\/\/velo-utile.fr\/site\/wp-content\/uploads\/2023\/12\/408152622_366642682418860_8279876969708183941_n-600x503.jpg 600w, https:\/\/velo-utile.fr\/site\/wp-content\/uploads\/2023\/12\/408152622_366642682418860_8279876969708183941_n.jpg 940w\" sizes=\"auto, (max-width: 300px) 100vw, 300px\" \/><\/div>\n<\/div>\n<\/div>\n<\/div>\n<\/div>\n<\/div>\n","protected":false},"excerpt":{"rendered":"<p>Vendredi 22 d\u00e9cembre, Concours de dessin, musique et auberge espagnole R\u00e9servez dans votre agenda le vendredi 22 d\u00e9cembre \u00e0 19h. Il y aura un tirage au sort pour gagner 2 v\u00e9los enfants : \u00e0 vos crayons les enfants, faites un<\/p>\n","protected":false},"author":12,"featured_media":0,"comment_status":"closed","ping_status":"closed","sticky":false,"template":"","format":"standard","meta":{"footnotes":""},"categories":[60,65,4,16],"tags":[],"class_list":["post-4134","post","type-post","status-publish","format-standard","hentry","category-actu","category-animations","category-atelier","category-vie-associative"],"_links":{"self":[{"href":"https:\/\/velo-utile.fr\/site\/wp-json\/wp\/v2\/posts\/4134","targetHints":{"allow":["GET"]}}],"collection":[{"href":"https:\/\/velo-utile.fr\/site\/wp-json\/wp\/v2\/posts"}],"about":[{"href":"https:\/\/velo-utile.fr\/site\/wp-json\/wp\/v2\/types\/post"}],"author":[{"embeddable":true,"href":"https:\/\/velo-utile.fr\/site\/wp-json\/wp\/v2\/users\/12"}],"replies":[{"embeddable":true,"href":"https:\/\/velo-utile.fr\/site\/wp-json\/wp\/v2\/comments?post=4134"}],"version-history":[{"count":2,"href":"https:\/\/velo-utile.fr\/site\/wp-json\/wp\/v2\/posts\/4134\/revisions"}],"predecessor-version":[{"id":4137,"href":"https:\/\/velo-utile.fr\/site\/wp-json\/wp\/v2\/posts\/4134\/revisions\/4137"}],"wp:attachment":[{"href":"https:\/\/velo-utile.fr\/site\/wp-json\/wp\/v2\/media?parent=4134"}],"wp:term":[{"taxonomy":"category","embeddable":true,"href":"https:\/\/velo-utile.fr\/site\/wp-json\/wp\/v2\/categories?post=4134"},{"taxonomy":"post_tag","embeddable":true,"href":"https:\/\/velo-utile.fr\/site\/wp-json\/wp\/v2\/tags?post=4134"}],"curies":[{"name":"wp","href":"https:\/\/api.w.org\/{rel}","templated":true}]}}