{"id":4130,"date":"2023-12-13T18:30:13","date_gmt":"2023-12-13T17:30:13","guid":{"rendered":"https:\/\/velo-utile.fr\/site\/?p=4130"},"modified":"2023-12-13T18:30:13","modified_gmt":"2023-12-13T17:30:13","slug":"osez-partir-a-velo-2024","status":"publish","type":"post","link":"https:\/\/velo-utile.fr\/site\/2023\/12\/osez-partir-a-velo-2024\/","title":{"rendered":"Osez Partir \u00e0 V\u00e9lo 2024"},"content":{"rendered":"<h3 class=\"null\">Samedi 16 d\u00e9cembre &#8211; 10h\/11h<\/h3>\n<h4 class=\"null\"><span class=\"x13faqbe x193iq5w x1943h6x x1cpjm7i x1fgarty x1gmr53x x1lliihq x1s928wv x1vvkbs x1xmvt09 x3x7a5m x6prxxf xeuugli xhkezso xo1l8bm xudqn12 xvq8zen xzsf02u\" dir=\"auto\"><strong>C&rsquo;est parti, nous commen\u00e7ons \u00e0 travailler sur l&rsquo;\u00e9dition 2024 de<\/strong><br \/>\nOSEZ PARTIR A V\u00c9LO <span class=\"x1fcty0u x1j61x8r x1kky2od x3nfvp2 xat24cr xdj266r xgzva0m xhhsvwb xlup9mm xxymvpz\"><img loading=\"lazy\" decoding=\"async\" class=\"xz74otr\" src=\"https:\/\/static.xx.fbcdn.net\/images\/emoji.php\/v9\/tc6\/1.5\/16\/1f973.png\" alt=\"&#x1f973;\" width=\"16\" height=\"16\" data-cke-saved-src=\"https:\/\/static.xx.fbcdn.net\/images\/emoji.php\/v9\/tc6\/1.5\/16\/1f973.png\" \/><\/span><\/span><\/h4>\n<div class=\"x11i5rnm xat24cr x1mh8g0r x1vvkbs xtlvy1s\"><span class=\"x13faqbe x193iq5w x1943h6x x1cpjm7i x1fgarty x1gmr53x x1lliihq x1s928wv x1vvkbs x1xmvt09 x3x7a5m x6prxxf xeuugli xhkezso xo1l8bm xudqn12 xvq8zen xzsf02u\" dir=\"auto\">Si vous souhaitez apporter votre \u00e9nergie <span class=\"x1fcty0u x1j61x8r x1kky2od x3nfvp2 xat24cr xdj266r xgzva0m xhhsvwb xlup9mm xxymvpz\"><img loading=\"lazy\" decoding=\"async\" class=\"xz74otr\" src=\"https:\/\/static.xx.fbcdn.net\/images\/emoji.php\/v9\/tb1\/1.5\/16\/1f929.png\" alt=\"&#x1f929;\" width=\"16\" height=\"16\" data-cke-saved-src=\"https:\/\/static.xx.fbcdn.net\/images\/emoji.php\/v9\/tb1\/1.5\/16\/1f929.png\" \/><\/span> \u00e0 la CONCEPTION de l\u2019\u00e9v\u00e9nement, vous \u00eates les bienvenus <span class=\"x1fcty0u x1j61x8r x1kky2od x3nfvp2 xat24cr xdj266r xgzva0m xhhsvwb xlup9mm xxymvpz\"><img loading=\"lazy\" decoding=\"async\" class=\"xz74otr\" src=\"https:\/\/static.xx.fbcdn.net\/images\/emoji.php\/v9\/tbd\/1.5\/16\/1f91d.png\" alt=\"&#x1f91d;\" width=\"16\" height=\"16\" data-cke-saved-src=\"https:\/\/static.xx.fbcdn.net\/images\/emoji.php\/v9\/tbd\/1.5\/16\/1f91d.png\" \/><\/span>, nous vous donnons rendez-vous :<\/span><\/div>\n<div style=\"text-align: center\"><span class=\"x13faqbe x193iq5w x1943h6x x1cpjm7i x1fgarty x1gmr53x x1lliihq x1s928wv x1vvkbs x1xmvt09 x3x7a5m x6prxxf xeuugli xhkezso xo1l8bm xudqn12 xvq8zen xzsf02u\" dir=\"auto\">SAMEDI de 10h \u00e0 11h<br \/>\nautour d&rsquo;un <span class=\"x1fcty0u x1j61x8r x1kky2od x3nfvp2 xat24cr xdj266r xgzva0m xhhsvwb xlup9mm xxymvpz\"><img loading=\"lazy\" decoding=\"async\" class=\"xz74otr\" src=\"https:\/\/static.xx.fbcdn.net\/images\/emoji.php\/v9\/t18\/1.5\/16\/2615.png\" alt=\"&#x2615;\" width=\"16\" height=\"16\" data-cke-saved-src=\"https:\/\/static.xx.fbcdn.net\/images\/emoji.php\/v9\/t18\/1.5\/16\/2615.png\" \/><\/span><span class=\"x1fcty0u x1j61x8r x1kky2od x3nfvp2 xat24cr xdj266r xgzva0m xhhsvwb xlup9mm xxymvpz\"><img loading=\"lazy\" decoding=\"async\" class=\"xz74otr\" src=\"https:\/\/static.xx.fbcdn.net\/images\/emoji.php\/v9\/t64\/1.5\/16\/1fad6.png\" alt=\"&#x1fad6;\" width=\"16\" height=\"16\" data-cke-saved-src=\"https:\/\/static.xx.fbcdn.net\/images\/emoji.php\/v9\/t64\/1.5\/16\/1fad6.png\" \/><\/span><br \/>\nLocal de V\u00e9lo-Utile, Saint Brieuc<br \/>\n17 rue de Robien<br \/>\nAu programme : format, date, contenus, qui veut bien accepter d&rsquo;\u00eatre \u00ab\u00a0r\u00e9f\u00e9rent&rsquo; (Communication, am\u00e9nagement du site, la programmation, implantation, gestion des exposants,, restauration &#8230;) <\/span><\/div>\n<div><\/div>\n<div><img loading=\"lazy\" decoding=\"async\" class=\"size-medium wp-image-4131 aligncenter\" src=\"https:\/\/velo-utile.fr\/site\/wp-content\/uploads\/2023\/12\/409638040_369315398818255_6078584220090985751_n-300x200.jpg\" alt=\"\" width=\"300\" height=\"200\" srcset=\"https:\/\/velo-utile.fr\/site\/wp-content\/uploads\/2023\/12\/409638040_369315398818255_6078584220090985751_n-300x200.jpg 300w, https:\/\/velo-utile.fr\/site\/wp-content\/uploads\/2023\/12\/409638040_369315398818255_6078584220090985751_n-1024x683.jpg 1024w, https:\/\/velo-utile.fr\/site\/wp-content\/uploads\/2023\/12\/409638040_369315398818255_6078584220090985751_n-768x512.jpg 768w, https:\/\/velo-utile.fr\/site\/wp-content\/uploads\/2023\/12\/409638040_369315398818255_6078584220090985751_n-600x400.jpg 600w, https:\/\/velo-utile.fr\/site\/wp-content\/uploads\/2023\/12\/409638040_369315398818255_6078584220090985751_n.jpg 1440w\" sizes=\"auto, (max-width: 300px) 100vw, 300px\" \/><\/div>\n","protected":false},"excerpt":{"rendered":"<p>Samedi 16 d\u00e9cembre &#8211; 10h\/11h C&rsquo;est parti, nous commen\u00e7ons \u00e0 travailler sur l&rsquo;\u00e9dition 2024 de OSEZ PARTIR A V\u00c9LO Si vous souhaitez apporter votre \u00e9nergie \u00e0 la CONCEPTION de l\u2019\u00e9v\u00e9nement, vous \u00eates les bienvenus , nous vous donnons rendez-vous :<\/p>\n","protected":false},"author":12,"featured_media":0,"comment_status":"closed","ping_status":"closed","sticky":false,"template":"","format":"standard","meta":{"footnotes":""},"categories":[60,65,15],"tags":[],"class_list":["post-4130","post","type-post","status-publish","format-standard","hentry","category-actu","category-animations","category-forum-osez-partir"],"_links":{"self":[{"href":"https:\/\/velo-utile.fr\/site\/wp-json\/wp\/v2\/posts\/4130","targetHints":{"allow":["GET"]}}],"collection":[{"href":"https:\/\/velo-utile.fr\/site\/wp-json\/wp\/v2\/posts"}],"about":[{"href":"https:\/\/velo-utile.fr\/site\/wp-json\/wp\/v2\/types\/post"}],"author":[{"embeddable":true,"href":"https:\/\/velo-utile.fr\/site\/wp-json\/wp\/v2\/users\/12"}],"replies":[{"embeddable":true,"href":"https:\/\/velo-utile.fr\/site\/wp-json\/wp\/v2\/comments?post=4130"}],"version-history":[{"count":2,"href":"https:\/\/velo-utile.fr\/site\/wp-json\/wp\/v2\/posts\/4130\/revisions"}],"predecessor-version":[{"id":4133,"href":"https:\/\/velo-utile.fr\/site\/wp-json\/wp\/v2\/posts\/4130\/revisions\/4133"}],"wp:attachment":[{"href":"https:\/\/velo-utile.fr\/site\/wp-json\/wp\/v2\/media?parent=4130"}],"wp:term":[{"taxonomy":"category","embeddable":true,"href":"https:\/\/velo-utile.fr\/site\/wp-json\/wp\/v2\/categories?post=4130"},{"taxonomy":"post_tag","embeddable":true,"href":"https:\/\/velo-utile.fr\/site\/wp-json\/wp\/v2\/tags?post=4130"}],"curies":[{"name":"wp","href":"https:\/\/api.w.org\/{rel}","templated":true}]}}