{"id":41,"date":"2015-11-28T11:54:00","date_gmt":"2015-11-28T11:54:00","guid":{"rendered":"http:\/\/velo-utile.fr\/blog02\/index.php\/2015\/11\/28\/20151128rencontre-regionale-de-la-fub\/"},"modified":"2025-12-30T16:49:53","modified_gmt":"2025-12-30T15:49:53","slug":"20151128rencontre-regionale-de-la-fub","status":"publish","type":"post","link":"https:\/\/velo-utile.fr\/site\/2015\/11\/20151128rencontre-regionale-de-la-fub\/","title":{"rendered":"Rencontre r\u00e9gionale de la FUB"},"content":{"rendered":"\n<p>Retour en photo sur la journ\u00e9e du Samedi 12 D\u00e9c.. <\/p>\n\n\n\n<p>Une vingtaine de personnes repr\u00e9sentaient les associations bretonnes adh\u00e9rentes de la FUB  \u00e0 Saint-Brieuc, pour une journ\u00e9e aussi studieuse que conviviale!<\/p>\n\n\n\n<p> Cette rencontre \u00e9tait organis\u00e9e avec le soutien du FDVA (Fonds de D\u00e9veloppement de la Vie Associative).<\/p>\n\n\n\n<div class=\"wp-block-group is-layout-grid wp-container-core-group-is-layout-478b6e6b wp-block-group-is-layout-grid\">\n<figure class=\"wp-block-image size-full\"><img loading=\"lazy\" decoding=\"async\" width=\"500\" height=\"375\" src=\"https:\/\/velo-utile.fr\/site\/wp-content\/uploads\/import\/BZH_FUB_1.jpg\" alt=\"\" class=\"wp-image-326\"\/><\/figure>\n\n\n\n<figure class=\"wp-block-image size-full\"><img loading=\"lazy\" decoding=\"async\" width=\"500\" height=\"375\" src=\"https:\/\/velo-utile.fr\/site\/wp-content\/uploads\/import\/BZH_FUB_2.jpg\" alt=\"\" class=\"wp-image-327\"\/><\/figure>\n\n\n\n<figure class=\"wp-block-image size-full\"><img loading=\"lazy\" decoding=\"async\" width=\"500\" height=\"375\" src=\"https:\/\/velo-utile.fr\/site\/wp-content\/uploads\/import\/BZH_FUB_3.jpg\" alt=\"\" class=\"wp-image-328\"\/><\/figure>\n\n\n\n<figure class=\"wp-block-image size-full\"><img loading=\"lazy\" decoding=\"async\" width=\"500\" height=\"375\" src=\"https:\/\/velo-utile.fr\/site\/wp-content\/uploads\/import\/BZH_FUB_4.jpg\" alt=\"\" class=\"wp-image-329\"\/><\/figure>\n\n\n\n<figure class=\"wp-block-image size-full\"><img loading=\"lazy\" decoding=\"async\" width=\"500\" height=\"375\" src=\"https:\/\/velo-utile.fr\/site\/wp-content\/uploads\/import\/BZH_FUB_5.jpg\" alt=\"\" class=\"wp-image-330\"\/><\/figure>\n<\/div>\n\n\n\n<!--more-->\n\n\n\n<p>Une vingtaine de personnes repr\u00e9sentaient les associations bretonnes adh\u00e9rentes de la FUB, pour une journ\u00e9e aussi studieuse que conviviale! <\/p>\n\n\n\n<p>D\u00e9j\u00e0 inscrits: BAPAV de Brest, Tr\u00e9gor Bicyclette de Lannion, A Velo Malo de Saint-Malo, ccp56 (Morbihan , Rayon d&rsquo;Action de Rennes et Liaisons Douces de Dinan <\/p>\n\n\n\n<p>Le programme<\/p>\n\n\n\n<div data-wp-interactive=\"core\/file\" class=\"wp-block-file\"><object data-wp-bind--hidden=\"!state.hasPdfPreview\" hidden class=\"wp-block-file__embed\" data=\"https:\/\/velo-utile.fr\/site\/wp-content\/uploads\/import\/ProgrammeRencontreFubBzhDec2015.pdf\" type=\"application\/pdf\" style=\"width:100%;height:600px\" aria-label=\"Contenu embarqu\u00e9 ProgrammeRencontreFubBzhDec2015.\"><\/object><a id=\"wp-block-file--media-b2047c19-5b63-4b91-879e-869594d51971\" href=\"https:\/\/velo-utile.fr\/site\/wp-content\/uploads\/import\/ProgrammeRencontreFubBzhDec2015.pdf\">ProgrammeRencontreFubBzhDec2015<\/a><a href=\"https:\/\/velo-utile.fr\/site\/wp-content\/uploads\/import\/ProgrammeRencontreFubBzhDec2015.pdf\" class=\"wp-block-file__button wp-element-button\" download aria-describedby=\"wp-block-file--media-b2047c19-5b63-4b91-879e-869594d51971\">T\u00e9l\u00e9charger<\/a><\/div>\n\n\n\n<p><\/p>\n\n\n\n<p><\/p>\n","protected":false},"excerpt":{"rendered":"<p>!!Retour en photo sur la journ\u00e9e du Samedi 12 D\u00e9c.. Une vingtaine de personnes repr\u00e9sentaient les associations bretonnes adh\u00e9rentes de la [FUB|http:\/\/www.fubicy.org\/|fr|www.fubicy.org\/] \u00e0 St-Brieuc, pour une journ\u00e9e aussi studieuse que conviviale! Cette rencontre \u00e9tait organis\u00e9e avec le soutien du FDVA ([Fonds de D\u00e9veloppement de la Vie Associative|http:\/\/www.bretagne.drjscs.gouv.fr\/spip.php?article274|fr|www.bretagne.drjscs.gouv.fr]).<\/p>\n","protected":false},"author":22,"featured_media":0,"comment_status":"closed","ping_status":"closed","sticky":false,"template":"","format":"standard","meta":{"footnotes":""},"categories":[16],"tags":[],"class_list":["post-41","post","type-post","status-publish","format-standard","hentry","category-vie-associative"],"_links":{"self":[{"href":"https:\/\/velo-utile.fr\/site\/wp-json\/wp\/v2\/posts\/41","targetHints":{"allow":["GET"]}}],"collection":[{"href":"https:\/\/velo-utile.fr\/site\/wp-json\/wp\/v2\/posts"}],"about":[{"href":"https:\/\/velo-utile.fr\/site\/wp-json\/wp\/v2\/types\/post"}],"author":[{"embeddable":true,"href":"https:\/\/velo-utile.fr\/site\/wp-json\/wp\/v2\/users\/22"}],"replies":[{"embeddable":true,"href":"https:\/\/velo-utile.fr\/site\/wp-json\/wp\/v2\/comments?post=41"}],"version-history":[{"count":2,"href":"https:\/\/velo-utile.fr\/site\/wp-json\/wp\/v2\/posts\/41\/revisions"}],"predecessor-version":[{"id":6130,"href":"https:\/\/velo-utile.fr\/site\/wp-json\/wp\/v2\/posts\/41\/revisions\/6130"}],"wp:attachment":[{"href":"https:\/\/velo-utile.fr\/site\/wp-json\/wp\/v2\/media?parent=41"}],"wp:term":[{"taxonomy":"category","embeddable":true,"href":"https:\/\/velo-utile.fr\/site\/wp-json\/wp\/v2\/categories?post=41"},{"taxonomy":"post_tag","embeddable":true,"href":"https:\/\/velo-utile.fr\/site\/wp-json\/wp\/v2\/tags?post=41"}],"curies":[{"name":"wp","href":"https:\/\/api.w.org\/{rel}","templated":true}]}}