{"id":4080,"date":"2023-10-04T15:45:45","date_gmt":"2023-10-04T13:45:45","guid":{"rendered":"https:\/\/velo-utile.fr\/site\/?p=4080"},"modified":"2023-10-04T15:45:45","modified_gmt":"2023-10-04T13:45:45","slug":"reunion-des-benevoles-de-latelier","status":"publish","type":"post","link":"https:\/\/velo-utile.fr\/site\/2023\/10\/reunion-des-benevoles-de-latelier\/","title":{"rendered":"R\u00e9union des b\u00e9n\u00e9voles de l&rsquo;atelier"},"content":{"rendered":"<h4 class=\"null\">Le jeudi 19 octobre \u00e0 19h<\/h4>\n<div>\n<p><u><strong>Au menu :<\/strong><\/u><\/p>\n<p style=\"text-align: center\">Ce que j\u2019aime \/ ce qui pourrait \u00eatre am\u00e9lior\u00e9<br \/>\nDessine-moi ton atelier id\u00e9al<br \/>\nFonctionnement g\u00e9n\u00e9ral de l\u2019atelier<br \/>\nNos valeurs<br \/>\nTes propositions&#8230;<br \/>\nEt pot de l\u2019amiti\u00e9 bien s\u00fbr !<\/p>\n<p>On vous attend nombreuses et nombreux &#8230;<\/p>\n<p><img loading=\"lazy\" decoding=\"async\" class=\" wp-image-4081 aligncenter\" src=\"https:\/\/velo-utile.fr\/site\/wp-content\/uploads\/2023\/10\/Capture-decran-2023-10-04-152522-300x169.png\" alt=\"\" width=\"360\" height=\"203\" srcset=\"https:\/\/velo-utile.fr\/site\/wp-content\/uploads\/2023\/10\/Capture-decran-2023-10-04-152522-300x169.png 300w, https:\/\/velo-utile.fr\/site\/wp-content\/uploads\/2023\/10\/Capture-decran-2023-10-04-152522-768x434.png 768w, https:\/\/velo-utile.fr\/site\/wp-content\/uploads\/2023\/10\/Capture-decran-2023-10-04-152522-600x339.png 600w, https:\/\/velo-utile.fr\/site\/wp-content\/uploads\/2023\/10\/Capture-decran-2023-10-04-152522.png 1013w\" sizes=\"auto, (max-width: 360px) 100vw, 360px\" \/><\/p>\n<\/div>\n","protected":false},"excerpt":{"rendered":"<p>Le jeudi 19 octobre \u00e0 19h Au menu : Ce que j\u2019aime \/ ce qui pourrait \u00eatre am\u00e9lior\u00e9 Dessine-moi ton atelier id\u00e9al Fonctionnement g\u00e9n\u00e9ral de l\u2019atelier Nos valeurs Tes propositions&#8230; Et pot de l\u2019amiti\u00e9 bien s\u00fbr ! On vous attend<\/p>\n","protected":false},"author":12,"featured_media":0,"comment_status":"closed","ping_status":"closed","sticky":false,"template":"","format":"standard","meta":{"footnotes":""},"categories":[60,4,16],"tags":[],"class_list":["post-4080","post","type-post","status-publish","format-standard","hentry","category-actu","category-atelier","category-vie-associative"],"_links":{"self":[{"href":"https:\/\/velo-utile.fr\/site\/wp-json\/wp\/v2\/posts\/4080","targetHints":{"allow":["GET"]}}],"collection":[{"href":"https:\/\/velo-utile.fr\/site\/wp-json\/wp\/v2\/posts"}],"about":[{"href":"https:\/\/velo-utile.fr\/site\/wp-json\/wp\/v2\/types\/post"}],"author":[{"embeddable":true,"href":"https:\/\/velo-utile.fr\/site\/wp-json\/wp\/v2\/users\/12"}],"replies":[{"embeddable":true,"href":"https:\/\/velo-utile.fr\/site\/wp-json\/wp\/v2\/comments?post=4080"}],"version-history":[{"count":3,"href":"https:\/\/velo-utile.fr\/site\/wp-json\/wp\/v2\/posts\/4080\/revisions"}],"predecessor-version":[{"id":4084,"href":"https:\/\/velo-utile.fr\/site\/wp-json\/wp\/v2\/posts\/4080\/revisions\/4084"}],"wp:attachment":[{"href":"https:\/\/velo-utile.fr\/site\/wp-json\/wp\/v2\/media?parent=4080"}],"wp:term":[{"taxonomy":"category","embeddable":true,"href":"https:\/\/velo-utile.fr\/site\/wp-json\/wp\/v2\/categories?post=4080"},{"taxonomy":"post_tag","embeddable":true,"href":"https:\/\/velo-utile.fr\/site\/wp-json\/wp\/v2\/tags?post=4080"}],"curies":[{"name":"wp","href":"https:\/\/api.w.org\/{rel}","templated":true}]}}