{"id":4071,"date":"2023-10-04T15:37:59","date_gmt":"2023-10-04T13:37:59","guid":{"rendered":"https:\/\/velo-utile.fr\/site\/?p=4071"},"modified":"2023-10-04T15:37:59","modified_gmt":"2023-10-04T13:37:59","slug":"soiree-demontage","status":"publish","type":"post","link":"https:\/\/velo-utile.fr\/site\/2023\/10\/soiree-demontage\/","title":{"rendered":"Soir\u00e9e d\u00e9montage"},"content":{"rendered":"<h4>Le vendredi 6 octobre \u00e0 19h<\/h4>\n<div dir=\"auto\">\n<div id=\":r1dl:\" class=\"x1iorvi4 x1pi30zi x1l90r2v x1swvt13\" data-ad-comet-preview=\"message\" data-ad-preview=\"message\">\n<div class=\"x78zum5 xdt5ytf xz62fqu x16ldp7u\">\n<div class=\"xu06os2 x1ok221b\">\n<div class=\"xdj266r x11i5rnm xat24cr x1mh8g0r x1vvkbs x126k92a\">\n<div dir=\"auto\"><span class=\"x13faqbe x193iq5w x1943h6x x1cpjm7i x1fgarty x1gmr53x x1lliihq x1s928wv x1vvkbs x1xmvt09 x1yc453h x3x7a5m x6prxxf xeuugli xhkezso xo1l8bm xudqn12 xvq8zen xzsf02u\" dir=\"auto\">R\u00e9servez votre vendredi : soir\u00e9e d\u00e9montage, tri en musique et auberge espagnole.<\/span><\/div>\n<\/div>\n<\/div>\n<\/div>\n<\/div>\n<\/div>\n<p align=\"left\">\u00c7a se passe \u00e0 l&rsquo;atelier, 17 rue de Robien \u00e0 Saint-Brieuc.<\/p>\n<p align=\"left\"><img loading=\"lazy\" decoding=\"async\" class=\"alignnone size-medium wp-image-4072\" src=\"https:\/\/velo-utile.fr\/site\/wp-content\/uploads\/2023\/10\/384129836_332678612481934_6525610692899934748_n-300x225.jpg\" alt=\"\" width=\"300\" height=\"225\" srcset=\"https:\/\/velo-utile.fr\/site\/wp-content\/uploads\/2023\/10\/384129836_332678612481934_6525610692899934748_n-300x225.jpg 300w, https:\/\/velo-utile.fr\/site\/wp-content\/uploads\/2023\/10\/384129836_332678612481934_6525610692899934748_n-768x576.jpg 768w, https:\/\/velo-utile.fr\/site\/wp-content\/uploads\/2023\/10\/384129836_332678612481934_6525610692899934748_n-600x450.jpg 600w, https:\/\/velo-utile.fr\/site\/wp-content\/uploads\/2023\/10\/384129836_332678612481934_6525610692899934748_n.jpg 1000w\" sizes=\"auto, (max-width: 300px) 100vw, 300px\" \/><\/p>\n","protected":false},"excerpt":{"rendered":"<p>Le vendredi 6 octobre \u00e0 19h R\u00e9servez votre vendredi : soir\u00e9e d\u00e9montage, tri en musique et auberge espagnole. \u00c7a se passe \u00e0 l&rsquo;atelier, 17 rue de Robien \u00e0 Saint-Brieuc.<\/p>\n","protected":false},"author":12,"featured_media":0,"comment_status":"closed","ping_status":"closed","sticky":false,"template":"","format":"standard","meta":{"footnotes":""},"categories":[60,4,16],"tags":[],"class_list":["post-4071","post","type-post","status-publish","format-standard","hentry","category-actu","category-atelier","category-vie-associative"],"_links":{"self":[{"href":"https:\/\/velo-utile.fr\/site\/wp-json\/wp\/v2\/posts\/4071","targetHints":{"allow":["GET"]}}],"collection":[{"href":"https:\/\/velo-utile.fr\/site\/wp-json\/wp\/v2\/posts"}],"about":[{"href":"https:\/\/velo-utile.fr\/site\/wp-json\/wp\/v2\/types\/post"}],"author":[{"embeddable":true,"href":"https:\/\/velo-utile.fr\/site\/wp-json\/wp\/v2\/users\/12"}],"replies":[{"embeddable":true,"href":"https:\/\/velo-utile.fr\/site\/wp-json\/wp\/v2\/comments?post=4071"}],"version-history":[{"count":3,"href":"https:\/\/velo-utile.fr\/site\/wp-json\/wp\/v2\/posts\/4071\/revisions"}],"predecessor-version":[{"id":4076,"href":"https:\/\/velo-utile.fr\/site\/wp-json\/wp\/v2\/posts\/4071\/revisions\/4076"}],"wp:attachment":[{"href":"https:\/\/velo-utile.fr\/site\/wp-json\/wp\/v2\/media?parent=4071"}],"wp:term":[{"taxonomy":"category","embeddable":true,"href":"https:\/\/velo-utile.fr\/site\/wp-json\/wp\/v2\/categories?post=4071"},{"taxonomy":"post_tag","embeddable":true,"href":"https:\/\/velo-utile.fr\/site\/wp-json\/wp\/v2\/tags?post=4071"}],"curies":[{"name":"wp","href":"https:\/\/api.w.org\/{rel}","templated":true}]}}