{"id":3966,"date":"2023-05-18T09:29:27","date_gmt":"2023-05-18T07:29:27","guid":{"rendered":"https:\/\/velo-utile.fr\/site\/?p=3966"},"modified":"2023-05-18T09:29:27","modified_gmt":"2023-05-18T07:29:27","slug":"retour-sur-la-premiere-nenette-cyclette-de-velo-utile","status":"publish","type":"post","link":"https:\/\/velo-utile.fr\/site\/2023\/05\/retour-sur-la-premiere-nenette-cyclette-de-velo-utile\/","title":{"rendered":"Retour sur la premi\u00e8re Nenette Cyclette de V\u00e9lo Utile"},"content":{"rendered":"<p><img loading=\"lazy\" decoding=\"async\" class=\"size-medium wp-image-3967 alignleft\" src=\"https:\/\/velo-utile.fr\/site\/wp-content\/uploads\/2023\/05\/nenette-web-212x300.jpg\" alt=\"\" width=\"212\" height=\"300\" srcset=\"https:\/\/velo-utile.fr\/site\/wp-content\/uploads\/2023\/05\/nenette-web-212x300.jpg 212w, https:\/\/velo-utile.fr\/site\/wp-content\/uploads\/2023\/05\/nenette-web-724x1024.jpg 724w, https:\/\/velo-utile.fr\/site\/wp-content\/uploads\/2023\/05\/nenette-web-768x1086.jpg 768w, https:\/\/velo-utile.fr\/site\/wp-content\/uploads\/2023\/05\/nenette-web-1086x1536.jpg 1086w, https:\/\/velo-utile.fr\/site\/wp-content\/uploads\/2023\/05\/nenette-web-1448x2048.jpg 1448w, https:\/\/velo-utile.fr\/site\/wp-content\/uploads\/2023\/05\/nenette-web-600x849.jpg 600w, https:\/\/velo-utile.fr\/site\/wp-content\/uploads\/2023\/05\/nenette-web.jpg 1754w\" sizes=\"auto, (max-width: 212px) 100vw, 212px\" \/><\/p>\n<p>La pluie et le froid n&rsquo;auront pas d\u00e9courag\u00e9 la vingtaine de femmes ultra-motiv\u00e9es pour cette balade \u00e0 v\u00e9lo que pour les femmes, \u00e0 la d\u00e9couverte des rues qui portent des noms de femmes \u00e0 Saint-Brieuc\u00a0!<\/p>\n<p>Pour lire l&rsquo;article du T\u00e9l\u00e9gramme c&rsquo;est<a href=\"https:\/\/www.letelegramme.fr\/cotes-darmor\/saint-brieuc\/a-saint-brieuc-la-nenette-cyclette-s-elance-malgre-la-pluie-10-03-2023-13294427.php\" target=\"_blank\" rel=\"noopener\" data-cke-saved-href=\"https:\/\/www.letelegramme.fr\/cotes-darmor\/saint-brieuc\/a-saint-brieuc-la-nenette-cyclette-s-elance-malgre-la-pluie-10-03-2023-13294427.php\"> ici<\/a>.<br \/>\nPour voir les vid\u00e9os c&rsquo;est <a href=\"https:\/\/mcusercontent.com\/c0ceebe5e415a774f92c334e4\/files\/d9ab624e-e1e9-ad78-4044-58dfdf66cc85\/VID_20230310_WA0000.mp4\" target=\"_blank\" rel=\"noopener\" data-cke-saved-href=\"https:\/\/mcusercontent.com\/c0ceebe5e415a774f92c334e4\/files\/d9ab624e-e1e9-ad78-4044-58dfdf66cc85\/VID_20230310_WA0000.mp4\">ici<\/a> et <a href=\"https:\/\/mcusercontent.com\/c0ceebe5e415a774f92c334e4\/files\/89a6108a-bd5d-9111-468b-ccefeef418f9\/VID_20230310_WA0001.mp4\" target=\"_blank\" rel=\"noopener\" data-cke-saved-href=\"https:\/\/mcusercontent.com\/c0ceebe5e415a774f92c334e4\/files\/89a6108a-bd5d-9111-468b-ccefeef418f9\/VID_20230310_WA0001.mp4\">ici<\/a>.<\/p>\n","protected":false},"excerpt":{"rendered":"<p>La pluie et le froid n&rsquo;auront pas d\u00e9courag\u00e9 la vingtaine de femmes ultra-motiv\u00e9es pour cette balade \u00e0 v\u00e9lo que pour les femmes, \u00e0 la d\u00e9couverte des rues qui portent des noms de femmes \u00e0 Saint-Brieuc\u00a0! Pour lire l&rsquo;article du T\u00e9l\u00e9gramme<\/p>\n","protected":false},"author":12,"featured_media":0,"comment_status":"closed","ping_status":"closed","sticky":false,"template":"","format":"standard","meta":{"footnotes":""},"categories":[1],"tags":[],"class_list":["post-3966","post","type-post","status-publish","format-standard","hentry","category-non-classe"],"_links":{"self":[{"href":"https:\/\/velo-utile.fr\/site\/wp-json\/wp\/v2\/posts\/3966","targetHints":{"allow":["GET"]}}],"collection":[{"href":"https:\/\/velo-utile.fr\/site\/wp-json\/wp\/v2\/posts"}],"about":[{"href":"https:\/\/velo-utile.fr\/site\/wp-json\/wp\/v2\/types\/post"}],"author":[{"embeddable":true,"href":"https:\/\/velo-utile.fr\/site\/wp-json\/wp\/v2\/users\/12"}],"replies":[{"embeddable":true,"href":"https:\/\/velo-utile.fr\/site\/wp-json\/wp\/v2\/comments?post=3966"}],"version-history":[{"count":1,"href":"https:\/\/velo-utile.fr\/site\/wp-json\/wp\/v2\/posts\/3966\/revisions"}],"predecessor-version":[{"id":3968,"href":"https:\/\/velo-utile.fr\/site\/wp-json\/wp\/v2\/posts\/3966\/revisions\/3968"}],"wp:attachment":[{"href":"https:\/\/velo-utile.fr\/site\/wp-json\/wp\/v2\/media?parent=3966"}],"wp:term":[{"taxonomy":"category","embeddable":true,"href":"https:\/\/velo-utile.fr\/site\/wp-json\/wp\/v2\/categories?post=3966"},{"taxonomy":"post_tag","embeddable":true,"href":"https:\/\/velo-utile.fr\/site\/wp-json\/wp\/v2\/tags?post=3966"}],"curies":[{"name":"wp","href":"https:\/\/api.w.org\/{rel}","templated":true}]}}