{"id":3921,"date":"2023-04-18T00:56:43","date_gmt":"2023-04-17T22:56:43","guid":{"rendered":"https:\/\/velo-utile.fr\/site\/?p=3921"},"modified":"2023-04-18T00:57:04","modified_gmt":"2023-04-17T22:57:04","slug":"la-traversee-de-la-baie-venez-y-a-velo","status":"publish","type":"post","link":"https:\/\/velo-utile.fr\/site\/2023\/04\/la-traversee-de-la-baie-venez-y-a-velo\/","title":{"rendered":"La travers\u00e9e de la Baie, venez-y \u00e0 V\u00e9lo!"},"content":{"rendered":"<h3>Appel \u00e0 B\u00e9n\u00e9voles!<\/h3>\n<p>Une collaboration \u00e0 l&rsquo;occasion de l\u2019\u00e9v\u00e9nement \u00ab la Travers\u00e9e de la Baie \u00bb organis\u00e9 par le club de La Vaillante le samedi 6 Mai est envisag\u00e9e. Un des objectifs est de r\u00e9duire le paradoxe qui fait que des centaines de personnes, pour participer ou assister \u00e0 un moment sportif qui est des plus naturel, des plus simple et au contact direct de la nature, la marche et la course \u00e0 pied, qui plus est dans une R\u00e9serve Naturelle, viennent en voiture. Ce qui n&rsquo;est pas sans cr\u00e9er des embouteillages, des pollutions et des risques d&rsquo;accidents pour converger vers un site en impasse. La volont\u00e9 est donc de r\u00e9duire le nombre de v\u00e9hicules qui vont converger vers la gr\u00e8ve des courses. La Vaillante et V\u00e9lo Utile proposent donc aux coureurs et spectateurs de relever un d\u00e9fi&#8230;<\/p>\n<p>Le 6 mai, la Travers\u00e9e de la Baie, venez y \u00e0 v\u00e9lo !<\/p>\n<p>Des trajets s\u00e9curis\u00e9s sont propos\u00e9s avec des parkings relais pour ceux qui viennent de tr\u00e8s loin.<\/p>\n<p>Un parc ferm\u00e9 avec une assistance technique de 1\u00e8re urgence est mis en place par V\u00e9lo Utile.<\/p>\n<p>La Vaillante offre un rafra\u00eechissement \u00e0 ceux qui viennent \u00e0 v\u00e9lo !<\/p>\n<p>Pour tout cela nous avons besoin d&rsquo;une pr\u00e9sence de b\u00e9n\u00e9voles, par tranches de 2 \u00e0 3 heures, \u00e0 raison de 3 \u00e0 4 personnes maximum.<\/p>\n<p>\u00e7a vous tente? Les inscriptions pour se relayer sur le stand c&rsquo;est par ici : <a href=\"https:\/\/lite.framacalc.org\/1haxcbn5cz-a0gg\">https:\/\/lite.framacalc.org\/1haxcbn5cz-a0gg<\/a><\/p>\n<p><a href=\"https:\/\/velo-utile.fr\/site\/wp-content\/uploads\/2023\/04\/Traversee-Baie.jpg\"><img loading=\"lazy\" decoding=\"async\" class=\"alignleft size-medium wp-image-3922\" src=\"https:\/\/velo-utile.fr\/site\/wp-content\/uploads\/2023\/04\/Traversee-Baie-212x300.jpg\" alt=\"\" width=\"212\" height=\"300\" srcset=\"https:\/\/velo-utile.fr\/site\/wp-content\/uploads\/2023\/04\/Traversee-Baie-212x300.jpg 212w, https:\/\/velo-utile.fr\/site\/wp-content\/uploads\/2023\/04\/Traversee-Baie-724x1024.jpg 724w, https:\/\/velo-utile.fr\/site\/wp-content\/uploads\/2023\/04\/Traversee-Baie-600x849.jpg 600w, https:\/\/velo-utile.fr\/site\/wp-content\/uploads\/2023\/04\/Traversee-Baie.jpg 759w\" sizes=\"auto, (max-width: 212px) 100vw, 212px\" \/><\/a><\/p>\n","protected":false},"excerpt":{"rendered":"<p>Appel \u00e0 B\u00e9n\u00e9voles! Une collaboration \u00e0 l&rsquo;occasion de l\u2019\u00e9v\u00e9nement \u00ab la Travers\u00e9e de la Baie \u00bb organis\u00e9 par le club de La Vaillante le samedi 6 Mai est envisag\u00e9e. Un des objectifs est de r\u00e9duire le paradoxe qui fait que<\/p>\n","protected":false},"author":10,"featured_media":0,"comment_status":"closed","ping_status":"closed","sticky":false,"template":"","format":"standard","meta":{"footnotes":""},"categories":[60,65],"tags":[],"class_list":["post-3921","post","type-post","status-publish","format-standard","hentry","category-actu","category-animations"],"_links":{"self":[{"href":"https:\/\/velo-utile.fr\/site\/wp-json\/wp\/v2\/posts\/3921","targetHints":{"allow":["GET"]}}],"collection":[{"href":"https:\/\/velo-utile.fr\/site\/wp-json\/wp\/v2\/posts"}],"about":[{"href":"https:\/\/velo-utile.fr\/site\/wp-json\/wp\/v2\/types\/post"}],"author":[{"embeddable":true,"href":"https:\/\/velo-utile.fr\/site\/wp-json\/wp\/v2\/users\/10"}],"replies":[{"embeddable":true,"href":"https:\/\/velo-utile.fr\/site\/wp-json\/wp\/v2\/comments?post=3921"}],"version-history":[{"count":1,"href":"https:\/\/velo-utile.fr\/site\/wp-json\/wp\/v2\/posts\/3921\/revisions"}],"predecessor-version":[{"id":3923,"href":"https:\/\/velo-utile.fr\/site\/wp-json\/wp\/v2\/posts\/3921\/revisions\/3923"}],"wp:attachment":[{"href":"https:\/\/velo-utile.fr\/site\/wp-json\/wp\/v2\/media?parent=3921"}],"wp:term":[{"taxonomy":"category","embeddable":true,"href":"https:\/\/velo-utile.fr\/site\/wp-json\/wp\/v2\/categories?post=3921"},{"taxonomy":"post_tag","embeddable":true,"href":"https:\/\/velo-utile.fr\/site\/wp-json\/wp\/v2\/tags?post=3921"}],"curies":[{"name":"wp","href":"https:\/\/api.w.org\/{rel}","templated":true}]}}