{"id":3913,"date":"2023-04-18T00:40:01","date_gmt":"2023-04-17T22:40:01","guid":{"rendered":"https:\/\/velo-utile.fr\/site\/?p=3913"},"modified":"2023-04-18T00:40:01","modified_gmt":"2023-04-17T22:40:01","slug":"saint-brock-cargo-race-2023","status":"publish","type":"post","link":"https:\/\/velo-utile.fr\/site\/2023\/04\/saint-brock-cargo-race-2023\/","title":{"rendered":"Saint-Br\u00f8ck Carg\u00f8 Race 2023"},"content":{"rendered":"<h2 id=\"page-title\" class=\"title\">L&rsquo;association V\u00e9lo Utile organise avec le soutien de la mairie de Saint-Brieuc la seconde \u00e9dition de la Saint-Br\u00f8ck Carg\u00f8 Race.<\/h2>\n<h4 class=\"title\"><strong>L&rsquo;\u00e9v\u00e9nement aura lieu le Dimanche 21 Mai 2023 de 10h \u00e0 17h (devant le Parc des Promenades \u00e0 Saint-Brieuc).<\/strong><\/h4>\n<div class=\"x11i5rnm xat24cr x1mh8g0r x1vvkbs xtlvy1s\">Tr\u00e8s populaires au Danemark, aux Pays-Bas ou encore en Allemagne, les courses de v\u00e9los-cargos ont pour objectif de permettre aux pratiquants de se mesurer entre eux dans une ambiance d\u00e9tendue et conviviale mais n\u00e9anmoins sportive, et aux spectateurs de d\u00e9couvrir ce fabuleux outil de mobilit\u00e9 urbaine qu&rsquo;est le v\u00e9lo-cargo.<\/div>\n<div class=\"x11i5rnm xat24cr x1mh8g0r x1vvkbs xtlvy1s\"><\/div>\n<div class=\"x11i5rnm xat24cr x1mh8g0r x1vvkbs xtlvy1s\"><strong>Il n&rsquo;est pas indispensable de rouler en v\u00e9lo-cargo pour participer mais il faut pouvoir transporter le chargement demand\u00e9<\/strong> (environ 20kg avec un encombrement important), les remorques et autres accessoires de transport sont autoris\u00e9s ! A noter que la course principale se d\u00e9roule SANS assistance \u00e9lectrique, cela ne veut pas dire que les v\u00e9los-cargos assist\u00e9s sont interdit dans cette comp\u00e9tition, mais il faudra alors rouler sans batterie. <strong>Une course familiale sera \u00e9galement mise en place en fonction du nombre de participants, avec transport d&rsquo;enfants et assistance autoris\u00e9e.<\/strong> Les enfants pr\u00e9sents sur place en v\u00e9lo pourront \u00e9galement s&rsquo;essayer \u00e0 plusieurs tours de circuit.<\/div>\n<div class=\"x11i5rnm xat24cr x1mh8g0r x1vvkbs xtlvy1s\"><\/div>\n<div class=\"x11i5rnm xat24cr x1mh8g0r x1vvkbs xtlvy1s\">Les courses se d\u00e9rouleront par manches de 4 concurrents, avec un premier tour de circuit \u00e0 vide suivi d&rsquo;un chargement, puis 3 tours de circuit charg\u00e9 au terme desquels il faudra rallier l&rsquo;arriv\u00e9e avec le chargement complet. Les 2 premiers de chaque manche seront qualifi\u00e9s pour le tour suivant.<\/div>\n<div class=\"x11i5rnm xat24cr x1mh8g0r x1vvkbs xtlvy1s\"><\/div>\n<p>Une course familiale sera \u00e9galement mise en place en fonction du nombre de participants, avec transport d&rsquo;enfants et assistance autoris\u00e9e \/ [ avec des enfants passagers ]<\/p>\n<div class=\"x11i5rnm xat24cr x1mh8g0r x1vvkbs xtlvy1s\">Mail : <a href=\"mailto:contact@velo-utile.fr\">contact@velo-utile.fr<\/a><\/div>\n<div><\/div>\n<h3>POUR T&rsquo;INSCRIRE C&rsquo;EST PAR ICI : <a href=\"https:\/\/framaforms.org\/inscription-a-la-saint-brock-cargo-race-2023-1681273593\">https:\/\/framaforms.org\/inscription-a-la-saint-brock-cargo-race-2023-1681273593<\/a><\/h3>\n","protected":false},"excerpt":{"rendered":"<p>L&rsquo;association V\u00e9lo Utile organise avec le soutien de la mairie de Saint-Brieuc la seconde \u00e9dition de la Saint-Br\u00f8ck Carg\u00f8 Race. L&rsquo;\u00e9v\u00e9nement aura lieu le Dimanche 21 Mai 2023 de 10h \u00e0 17h (devant le Parc des Promenades \u00e0 Saint-Brieuc). Tr\u00e8s<\/p>\n","protected":false},"author":10,"featured_media":0,"comment_status":"closed","ping_status":"closed","sticky":false,"template":"","format":"standard","meta":{"footnotes":""},"categories":[60,65],"tags":[],"class_list":["post-3913","post","type-post","status-publish","format-standard","hentry","category-actu","category-animations"],"_links":{"self":[{"href":"https:\/\/velo-utile.fr\/site\/wp-json\/wp\/v2\/posts\/3913","targetHints":{"allow":["GET"]}}],"collection":[{"href":"https:\/\/velo-utile.fr\/site\/wp-json\/wp\/v2\/posts"}],"about":[{"href":"https:\/\/velo-utile.fr\/site\/wp-json\/wp\/v2\/types\/post"}],"author":[{"embeddable":true,"href":"https:\/\/velo-utile.fr\/site\/wp-json\/wp\/v2\/users\/10"}],"replies":[{"embeddable":true,"href":"https:\/\/velo-utile.fr\/site\/wp-json\/wp\/v2\/comments?post=3913"}],"version-history":[{"count":1,"href":"https:\/\/velo-utile.fr\/site\/wp-json\/wp\/v2\/posts\/3913\/revisions"}],"predecessor-version":[{"id":3914,"href":"https:\/\/velo-utile.fr\/site\/wp-json\/wp\/v2\/posts\/3913\/revisions\/3914"}],"wp:attachment":[{"href":"https:\/\/velo-utile.fr\/site\/wp-json\/wp\/v2\/media?parent=3913"}],"wp:term":[{"taxonomy":"category","embeddable":true,"href":"https:\/\/velo-utile.fr\/site\/wp-json\/wp\/v2\/categories?post=3913"},{"taxonomy":"post_tag","embeddable":true,"href":"https:\/\/velo-utile.fr\/site\/wp-json\/wp\/v2\/tags?post=3913"}],"curies":[{"name":"wp","href":"https:\/\/api.w.org\/{rel}","templated":true}]}}