{"id":3910,"date":"2023-04-18T00:33:09","date_gmt":"2023-04-17T22:33:09","guid":{"rendered":"https:\/\/velo-utile.fr\/site\/?p=3910"},"modified":"2023-04-18T00:33:31","modified_gmt":"2023-04-17T22:33:31","slug":"challenge-a-velo-au-boulot-2023","status":"publish","type":"post","link":"https:\/\/velo-utile.fr\/site\/2023\/04\/challenge-a-velo-au-boulot-2023\/","title":{"rendered":"Challenge \u00e0 v\u00e9lo au boulot 2023"},"content":{"rendered":"<div>Pourquoi c&rsquo;est important que tu inscrives ta boite au challenge A VELO AU BOULOT<\/div>\n<div><\/div>\n<div>V\u00e9lo Utile organise du 22 au 28 Mai la 8\u00e8me \u00e9dition du challenge mobilit\u00e9 A V\u00e9lo Au Boulot.<\/div>\n<div>L&rsquo;ann\u00e9e pass\u00e9e, ce sont 160 \u00e9quipes (entreprises, associations, collectivit\u00e9s, \u00e9coles) pour plus de 4500 participants qui ont comptabilis\u00e9 leurs kilom\u00e8tres durant une semaine pour cumuler ensemble 76.325 km \u00e0 v\u00e9lo. C&rsquo;\u00e9tait dingue !<\/div>\n<div><\/div>\n<div>Voici <b>3 bonnes raisons pour toi <\/b>membre de V\u00e9lo Utile <b>d&rsquo;inscrire ta boite <\/b>:<\/div>\n<div>1 &#8211; Cet \u00e9v\u00e9nement donne une<b> visibilit\u00e9 \u00e9norme \u00e0 la mobilit\u00e9 cyclable<\/b>, et c&rsquo;est un moyen pour nous de confirmer que la pratique ne cesse de croitre et justifie donc des am\u00e9nagements en cons\u00e9quence<\/div>\n<div>2 &#8211; Le <b>plaisir du v\u00e9lo est communicatif<\/b>, et tu es le meilleur ambassadeur dans ta boite pour donner aux autres l&rsquo;envie de se lancer (et m\u00eame si tu crois que \u00e7a n&rsquo;int\u00e9resse personnes, \u00e7a vaut \u00e9videmment le coup d&rsquo;essayer)<\/div>\n<div>3 &#8211; <b>Plus on est nombreux<\/b> \u00e0 pratiquer le v\u00e9lo et plus on est en s\u00e9curit\u00e9. Cette semaine l\u00e0, c&rsquo;est l&rsquo;occasion d&rsquo;inciter un maximum de gens \u00e0 se remettre en selle pour se rendre compte qu&rsquo;on est trop bien \u00e0 v\u00e9lo &#x1f917;<\/div>\n<div>Inscris ton \u00e9quipe d\u00e8s maintenant sur <span id=\"OBJ_PREFIX_DWT229_com_zimbra_url\" class=\"Object\" role=\"link\"><a href=\"http:\/\/a-velo-au-boulot.fr\" target=\"_blank\" rel=\"nofollow noopener noreferrer\">http:\/\/a-velo-au-boulot.fr<\/a><\/span>\u00a0 (cela ne vous engage \u00e0 rien) car il faut un peu de temps pour communiquer en interne avant le d\u00e9but du challenge.<\/div>\n<div><\/div>\n<div>Merci \u00e0 tous de nous donner un coup de main &#x1f64c;<\/div>\n<p>&nbsp;<\/p>\n<div>Pour toute demande d&rsquo;information :<\/div>\n<div>Yves <a href=\"https:\/\/velo-utile.fr\/site\/wp-content\/uploads\/2023\/04\/CHALLENGE2023_120x176_NB-light.jpg\"><img loading=\"lazy\" decoding=\"async\" class=\"alignleft size-medium wp-image-3911\" src=\"https:\/\/velo-utile.fr\/site\/wp-content\/uploads\/2023\/04\/CHALLENGE2023_120x176_NB-light-205x300.jpg\" alt=\"\" width=\"205\" height=\"300\" srcset=\"https:\/\/velo-utile.fr\/site\/wp-content\/uploads\/2023\/04\/CHALLENGE2023_120x176_NB-light-205x300.jpg 205w, https:\/\/velo-utile.fr\/site\/wp-content\/uploads\/2023\/04\/CHALLENGE2023_120x176_NB-light-698x1024.jpg 698w, https:\/\/velo-utile.fr\/site\/wp-content\/uploads\/2023\/04\/CHALLENGE2023_120x176_NB-light-768x1127.jpg 768w, https:\/\/velo-utile.fr\/site\/wp-content\/uploads\/2023\/04\/CHALLENGE2023_120x176_NB-light-1047x1536.jpg 1047w, https:\/\/velo-utile.fr\/site\/wp-content\/uploads\/2023\/04\/CHALLENGE2023_120x176_NB-light-600x880.jpg 600w, https:\/\/velo-utile.fr\/site\/wp-content\/uploads\/2023\/04\/CHALLENGE2023_120x176_NB-light.jpg 1195w\" sizes=\"auto, (max-width: 205px) 100vw, 205px\" \/><\/a><span id=\"OBJ_PREFIX_DWT231_ZmEmailObjectHandler\" class=\"Object\" role=\"link\"><a href=\"mailto:challenge@a-velo-au-boulot.fr\" target=\"_blank\" rel=\"nofollow noopener noreferrer\">challenge@a-velo-au-boulot.fr<\/a><\/span><\/div>\n","protected":false},"excerpt":{"rendered":"<p>Pourquoi c&rsquo;est important que tu inscrives ta boite au challenge A VELO AU BOULOT V\u00e9lo Utile organise du 22 au 28 Mai la 8\u00e8me \u00e9dition du challenge mobilit\u00e9 A V\u00e9lo Au Boulot. L&rsquo;ann\u00e9e pass\u00e9e, ce sont 160 \u00e9quipes (entreprises, associations,<\/p>\n","protected":false},"author":10,"featured_media":0,"comment_status":"closed","ping_status":"closed","sticky":false,"template":"","format":"standard","meta":{"footnotes":""},"categories":[60,65,20],"tags":[],"class_list":["post-3910","post","type-post","status-publish","format-standard","hentry","category-actu","category-animations","category-challenge-a-velo-au-boulot"],"_links":{"self":[{"href":"https:\/\/velo-utile.fr\/site\/wp-json\/wp\/v2\/posts\/3910","targetHints":{"allow":["GET"]}}],"collection":[{"href":"https:\/\/velo-utile.fr\/site\/wp-json\/wp\/v2\/posts"}],"about":[{"href":"https:\/\/velo-utile.fr\/site\/wp-json\/wp\/v2\/types\/post"}],"author":[{"embeddable":true,"href":"https:\/\/velo-utile.fr\/site\/wp-json\/wp\/v2\/users\/10"}],"replies":[{"embeddable":true,"href":"https:\/\/velo-utile.fr\/site\/wp-json\/wp\/v2\/comments?post=3910"}],"version-history":[{"count":1,"href":"https:\/\/velo-utile.fr\/site\/wp-json\/wp\/v2\/posts\/3910\/revisions"}],"predecessor-version":[{"id":3912,"href":"https:\/\/velo-utile.fr\/site\/wp-json\/wp\/v2\/posts\/3910\/revisions\/3912"}],"wp:attachment":[{"href":"https:\/\/velo-utile.fr\/site\/wp-json\/wp\/v2\/media?parent=3910"}],"wp:term":[{"taxonomy":"category","embeddable":true,"href":"https:\/\/velo-utile.fr\/site\/wp-json\/wp\/v2\/categories?post=3910"},{"taxonomy":"post_tag","embeddable":true,"href":"https:\/\/velo-utile.fr\/site\/wp-json\/wp\/v2\/tags?post=3910"}],"curies":[{"name":"wp","href":"https:\/\/api.w.org\/{rel}","templated":true}]}}