{"id":39,"date":"2015-11-07T07:18:00","date_gmt":"2015-11-07T07:18:00","guid":{"rendered":"http:\/\/velo-utile.fr\/blog02\/index.php\/2015\/11\/07\/20151107mobilite-active-giratoire-de-larrivee-a-plerin\/"},"modified":"2025-12-30T18:06:20","modified_gmt":"2025-12-30T17:06:20","slug":"20151107mobilite-active-giratoire-de-larrivee-a-plerin","status":"publish","type":"post","link":"https:\/\/velo-utile.fr\/site\/2015\/11\/20151107mobilite-active-giratoire-de-larrivee-a-plerin\/","title":{"rendered":"Mobilit\u00e9 active et giratoire de l\u2019Arriv\u00e9e \u00e0 Pl\u00e9rin"},"content":{"rendered":"\n<p>Un courrier vient d\u2019\u00eatre adress\u00e9 le 5\/11\/2015 au Pr\u00e9sident du Conseil d\u00e9partemental avec pour finalit\u00e9 de demander une entrevue pour \u00e9voquer le giratoire de l\u2019Arriv\u00e9e \u00e0 Pl\u00e9rin.<\/p>\n\n\n\n<div data-wp-interactive=\"core\/file\" class=\"wp-block-file\"><object data-wp-bind--hidden=\"!state.hasPdfPreview\" hidden class=\"wp-block-file__embed\" data=\"https:\/\/velo-utile.fr\/site\/wp-content\/uploads\/import\/CourrierCdDemandeEntrevueNov2015.pdf\" type=\"application\/pdf\" style=\"width:100%;height:600px\" aria-label=\"Contenu embarqu\u00e9 CourrierCdDemandeEntrevueNov2015.\"><\/object><a id=\"wp-block-file--media-cb17f196-c878-4433-a70e-faffc2adedf6\" href=\"https:\/\/velo-utile.fr\/site\/wp-content\/uploads\/import\/CourrierCdDemandeEntrevueNov2015.pdf\">CourrierCdDemandeEntrevueNov2015<\/a><a href=\"https:\/\/velo-utile.fr\/site\/wp-content\/uploads\/import\/CourrierCdDemandeEntrevueNov2015.pdf\" class=\"wp-block-file__button wp-element-button\" download aria-describedby=\"wp-block-file--media-cb17f196-c878-4433-a70e-faffc2adedf6\">T\u00e9l\u00e9charger<\/a><\/div>\n\n\n\n<!--more-->\n","protected":false},"excerpt":{"rendered":"<p>Un courrier vient d\u2019\u00eatre adress\u00e9 le 5\/11\/2015 au Pr\u00e9sident du Conseil d\u00e9partemental avec pour finalit\u00e9 de demander une entrevue pour \u00e9voquer le giratoire de l\u2019Arriv\u00e9e \u00e0 Pl\u00e9rin.  > Le courrier [en t\u00e9l\u00e9chargement|\/public\/PDF\/courrier_institutionnel\/CourrierCdDemandeEntrevueNov2015.pdf|fr|CourrierCdDemandeEntrevueNov2015.pdf]<\/p>\n","protected":false},"author":22,"featured_media":0,"comment_status":"closed","ping_status":"closed","sticky":false,"template":"","format":"standard","meta":{"footnotes":""},"categories":[2],"tags":[],"class_list":["post-39","post","type-post","status-publish","format-standard","hentry","category-commission-amenagement"],"_links":{"self":[{"href":"https:\/\/velo-utile.fr\/site\/wp-json\/wp\/v2\/posts\/39","targetHints":{"allow":["GET"]}}],"collection":[{"href":"https:\/\/velo-utile.fr\/site\/wp-json\/wp\/v2\/posts"}],"about":[{"href":"https:\/\/velo-utile.fr\/site\/wp-json\/wp\/v2\/types\/post"}],"author":[{"embeddable":true,"href":"https:\/\/velo-utile.fr\/site\/wp-json\/wp\/v2\/users\/22"}],"replies":[{"embeddable":true,"href":"https:\/\/velo-utile.fr\/site\/wp-json\/wp\/v2\/comments?post=39"}],"version-history":[{"count":2,"href":"https:\/\/velo-utile.fr\/site\/wp-json\/wp\/v2\/posts\/39\/revisions"}],"predecessor-version":[{"id":6138,"href":"https:\/\/velo-utile.fr\/site\/wp-json\/wp\/v2\/posts\/39\/revisions\/6138"}],"wp:attachment":[{"href":"https:\/\/velo-utile.fr\/site\/wp-json\/wp\/v2\/media?parent=39"}],"wp:term":[{"taxonomy":"category","embeddable":true,"href":"https:\/\/velo-utile.fr\/site\/wp-json\/wp\/v2\/categories?post=39"},{"taxonomy":"post_tag","embeddable":true,"href":"https:\/\/velo-utile.fr\/site\/wp-json\/wp\/v2\/tags?post=39"}],"curies":[{"name":"wp","href":"https:\/\/api.w.org\/{rel}","templated":true}]}}