{"id":3857,"date":"2023-02-26T23:05:21","date_gmt":"2023-02-26T22:05:21","guid":{"rendered":"https:\/\/velo-utile.fr\/site\/?p=3857"},"modified":"2023-02-26T23:41:09","modified_gmt":"2023-02-26T22:41:09","slug":"nenette-cyclette","status":"publish","type":"post","link":"https:\/\/velo-utile.fr\/site\/2023\/02\/nenette-cyclette\/","title":{"rendered":"Nenette cyclette !"},"content":{"rendered":"<p><a href=\"https:\/\/velo-utile.fr\/site\/wp-content\/uploads\/2023\/02\/nenette-web.jpg\"><img loading=\"lazy\" decoding=\"async\" class=\"alignleft size-medium wp-image-3860\" src=\"https:\/\/velo-utile.fr\/site\/wp-content\/uploads\/2023\/02\/nenette-web-212x300.jpg\" alt=\"\" width=\"212\" height=\"300\" srcset=\"https:\/\/velo-utile.fr\/site\/wp-content\/uploads\/2023\/02\/nenette-web-212x300.jpg 212w, https:\/\/velo-utile.fr\/site\/wp-content\/uploads\/2023\/02\/nenette-web-724x1024.jpg 724w, https:\/\/velo-utile.fr\/site\/wp-content\/uploads\/2023\/02\/nenette-web-768x1086.jpg 768w, https:\/\/velo-utile.fr\/site\/wp-content\/uploads\/2023\/02\/nenette-web-1086x1536.jpg 1086w, https:\/\/velo-utile.fr\/site\/wp-content\/uploads\/2023\/02\/nenette-web-1448x2048.jpg 1448w, https:\/\/velo-utile.fr\/site\/wp-content\/uploads\/2023\/02\/nenette-web-600x849.jpg 600w, https:\/\/velo-utile.fr\/site\/wp-content\/uploads\/2023\/02\/nenette-web.jpg 1754w\" sizes=\"auto, (max-width: 212px) 100vw, 212px\" \/><\/a><\/p>\n<p>Ch\u00e8res adh\u00e9rentes, cyclistes, militantes,<\/p>\n<p>Le <strong>vendredi 10 mars \u00e0 18h30<\/strong>, V\u00e9lo Utile organise<strong> LA NENETTE CYCLETTE<\/strong>, balade \u00e0 v\u00e9lo que pour les femmes, \u00e0 la d\u00e9couverte des rues qui portent des noms de femmes \u00e0 Saint-Brieuc\u00a0!<\/p>\n<p>D\u00e9part de la place de la R\u00e9sistance pour un parcours dans le c\u0153ur de Saint-Brieuc, ouvert \u00e0 tous les niveaux.<\/p>\n<p>&nbsp;<\/p>\n<p>Au programme\u00a0: n\u00e9nettes, bicyclettes, musique, partage et bonne humeur.<\/p>\n<p>A la fin, un petit truc \u00e0 boire et \u00e0 grignoter, ouvert \u00e0 toutes et tous sera propos\u00e9. Encore une occasion de se retrouver, d\u2019\u00e9changer et si besoin de refaire le monde.<\/p>\n<p>A vos guidons\u00a0!!!! On compte sur vous\u00a0!!!!<\/p>\n","protected":false},"excerpt":{"rendered":"<p>Ch\u00e8res adh\u00e9rentes, cyclistes, militantes, Le vendredi 10 mars \u00e0 18h30, V\u00e9lo Utile organise LA NENETTE CYCLETTE, balade \u00e0 v\u00e9lo que pour les femmes, \u00e0 la d\u00e9couverte des rues qui portent des noms de femmes \u00e0 Saint-Brieuc\u00a0! D\u00e9part de la place<\/p>\n","protected":false},"author":10,"featured_media":3868,"comment_status":"closed","ping_status":"closed","sticky":false,"template":"","format":"standard","meta":{"footnotes":""},"categories":[60,2,65],"tags":[],"class_list":["post-3857","post","type-post","status-publish","format-standard","has-post-thumbnail","hentry","category-actu","category-commission-amenagement","category-animations"],"_links":{"self":[{"href":"https:\/\/velo-utile.fr\/site\/wp-json\/wp\/v2\/posts\/3857","targetHints":{"allow":["GET"]}}],"collection":[{"href":"https:\/\/velo-utile.fr\/site\/wp-json\/wp\/v2\/posts"}],"about":[{"href":"https:\/\/velo-utile.fr\/site\/wp-json\/wp\/v2\/types\/post"}],"author":[{"embeddable":true,"href":"https:\/\/velo-utile.fr\/site\/wp-json\/wp\/v2\/users\/10"}],"replies":[{"embeddable":true,"href":"https:\/\/velo-utile.fr\/site\/wp-json\/wp\/v2\/comments?post=3857"}],"version-history":[{"count":2,"href":"https:\/\/velo-utile.fr\/site\/wp-json\/wp\/v2\/posts\/3857\/revisions"}],"predecessor-version":[{"id":3867,"href":"https:\/\/velo-utile.fr\/site\/wp-json\/wp\/v2\/posts\/3857\/revisions\/3867"}],"wp:featuredmedia":[{"embeddable":true,"href":"https:\/\/velo-utile.fr\/site\/wp-json\/wp\/v2\/media\/3868"}],"wp:attachment":[{"href":"https:\/\/velo-utile.fr\/site\/wp-json\/wp\/v2\/media?parent=3857"}],"wp:term":[{"taxonomy":"category","embeddable":true,"href":"https:\/\/velo-utile.fr\/site\/wp-json\/wp\/v2\/categories?post=3857"},{"taxonomy":"post_tag","embeddable":true,"href":"https:\/\/velo-utile.fr\/site\/wp-json\/wp\/v2\/tags?post=3857"}],"curies":[{"name":"wp","href":"https:\/\/api.w.org\/{rel}","templated":true}]}}