{"id":3756,"date":"2022-12-07T18:21:36","date_gmt":"2022-12-07T17:21:36","guid":{"rendered":"https:\/\/velo-utile.fr\/site\/?p=3756"},"modified":"2023-03-18T13:47:24","modified_gmt":"2023-03-18T12:47:24","slug":"sessions-de-formation-a-la-velo-ecole","status":"publish","type":"post","link":"https:\/\/velo-utile.fr\/site\/2022\/12\/sessions-de-formation-a-la-velo-ecole\/","title":{"rendered":"Sessions de formation \u00e0 la V\u00e9lo \u00c9cole"},"content":{"rendered":"<p><span style=\"font-size: medium;\">Gr\u00e2ce au budget participatif de la ville de St Brieuc, V\u00e9lo Utile a pu acheter une flotte de v\u00e9los d\u2019apprentissage et organiser une formation d\u2019Initiateur*ices Mobilit\u00e9 V\u00e9lo, en partenariat avec la FUB.\u00a0<\/span><\/p>\n<p><span style=\"font-family: Liberation Serif, serif;\"><span style=\"font-size: medium;\"><span style=\"font-family: Calibri, serif;\">La V\u00e9lo \u00e9cole propose deux types de sessions\u00a0:<\/span><\/span><\/span><\/p>\n<ol>\n<li><span style=\"font-family: Liberation Serif, serif;\"><span style=\"font-size: medium;\"><span style=\"font-family: Calibri, serif;\">Session ENVOL (En v\u00e9lo ou la libert\u00e9) \u2013 pour les d\u00e9butant*es<\/span><\/span><\/span><\/li>\n<li><span style=\"font-family: Liberation Serif, serif;\"><span style=\"font-size: medium;\"><span style=\"font-family: Calibri, serif;\">Session BRAVE (Bien rouler \u00e0 v\u00e9lo) \u2013 pour les personnes sachant d\u00e9j\u00e0 faire un peu de v\u00e9lo<\/span> mais ayant besoin de gagner en confiance.<\/span><\/span><\/li>\n<\/ol>\n<p><strong><span style=\"font-family: Liberation Serif, serif;\"><span style=\"font-size: medium;\">Les prochaines dates pr\u00e9vues\u00a0:<\/span><\/span><\/strong><\/p>\n<p><span style=\"font-family: Liberation Serif, serif;\"><span style=\"font-size: medium;\">SESSION BRAVE\u00a0: les 19 et 26 mars de 10h \u00e0 11h30<\/span><\/span><\/p>\n<p><span style=\"font-family: Liberation Serif, serif;\"><span style=\"font-size: medium;\">SESSION ENVOL : les <\/span><\/span><span style=\"font-family: Liberation Serif, serif;\"><span style=\"font-size: medium;\">19 et 26 mars , les 2 et 16 Avril (complet pour l\u2019instant) de 10h \u00e0 11h30<\/span><\/span><\/p>\n<p><em><span style=\"font-family: Liberation Serif, serif;\"><span style=\"font-size: medium;\">Pour les personnes d\u00e9butantes il faut suivre l\u2019ensemble de la session.<\/span><\/span><\/em><\/p>\n<p><span style=\"font-family: Liberation Serif, serif;\"><span style=\"font-size: medium;\">Renseignements et inscriptions\u00a0: <span style=\"color: #0563c1;\"><u><a href=\"mailto:ecole@velo-utile.fr\">ecole@velo-utile.fr<\/a><\/u><\/span><\/span><\/span><\/p>\n","protected":false},"excerpt":{"rendered":"<p>Gr\u00e2ce au budget participatif de la ville de St Brieuc, V\u00e9lo Utile a pu acheter une flotte de v\u00e9los d\u2019apprentissage et organiser une formation d\u2019Initiateur*ices Mobilit\u00e9 V\u00e9lo, en partenariat avec la FUB.\u00a0 La V\u00e9lo \u00e9cole propose deux types de sessions\u00a0:<\/p>\n","protected":false},"author":12,"featured_media":0,"comment_status":"closed","ping_status":"closed","sticky":false,"template":"","format":"standard","meta":{"footnotes":""},"categories":[60,64],"tags":[],"class_list":["post-3756","post","type-post","status-publish","format-standard","hentry","category-actu","category-velo-ecole"],"_links":{"self":[{"href":"https:\/\/velo-utile.fr\/site\/wp-json\/wp\/v2\/posts\/3756","targetHints":{"allow":["GET"]}}],"collection":[{"href":"https:\/\/velo-utile.fr\/site\/wp-json\/wp\/v2\/posts"}],"about":[{"href":"https:\/\/velo-utile.fr\/site\/wp-json\/wp\/v2\/types\/post"}],"author":[{"embeddable":true,"href":"https:\/\/velo-utile.fr\/site\/wp-json\/wp\/v2\/users\/12"}],"replies":[{"embeddable":true,"href":"https:\/\/velo-utile.fr\/site\/wp-json\/wp\/v2\/comments?post=3756"}],"version-history":[{"count":4,"href":"https:\/\/velo-utile.fr\/site\/wp-json\/wp\/v2\/posts\/3756\/revisions"}],"predecessor-version":[{"id":3883,"href":"https:\/\/velo-utile.fr\/site\/wp-json\/wp\/v2\/posts\/3756\/revisions\/3883"}],"wp:attachment":[{"href":"https:\/\/velo-utile.fr\/site\/wp-json\/wp\/v2\/media?parent=3756"}],"wp:term":[{"taxonomy":"category","embeddable":true,"href":"https:\/\/velo-utile.fr\/site\/wp-json\/wp\/v2\/categories?post=3756"},{"taxonomy":"post_tag","embeddable":true,"href":"https:\/\/velo-utile.fr\/site\/wp-json\/wp\/v2\/tags?post=3756"}],"curies":[{"name":"wp","href":"https:\/\/api.w.org\/{rel}","templated":true}]}}