{"id":3722,"date":"2022-11-30T15:58:12","date_gmt":"2022-11-30T14:58:12","guid":{"rendered":"https:\/\/velo-utile.fr\/site\/?p=3722"},"modified":"2022-11-30T15:58:12","modified_gmt":"2022-11-30T14:58:12","slug":"la-biclou-du-pere-noel-de-robien-samedi-3-decembre","status":"publish","type":"post","link":"https:\/\/velo-utile.fr\/site\/2022\/11\/la-biclou-du-pere-noel-de-robien-samedi-3-decembre\/","title":{"rendered":"La Biclou du P\u00e8re No\u00ebl de Robien, samedi 3 d\u00e9cembre"},"content":{"rendered":"<p><img loading=\"lazy\" decoding=\"async\" class=\"wp-image-3723 alignleft\" src=\"https:\/\/velo-utile.fr\/site\/wp-content\/uploads\/2022\/11\/unnamed-212x300.jpg\" alt=\"\" width=\"433\" height=\"613\" srcset=\"https:\/\/velo-utile.fr\/site\/wp-content\/uploads\/2022\/11\/unnamed-212x300.jpg 212w, https:\/\/velo-utile.fr\/site\/wp-content\/uploads\/2022\/11\/unnamed.jpg 645w\" sizes=\"auto, (max-width: 433px) 100vw, 433px\" \/><\/p>\n","protected":false},"excerpt":{"rendered":"","protected":false},"author":12,"featured_media":0,"comment_status":"closed","ping_status":"closed","sticky":false,"template":"","format":"standard","meta":{"footnotes":""},"categories":[1],"tags":[],"class_list":["post-3722","post","type-post","status-publish","format-standard","hentry","category-non-classe"],"_links":{"self":[{"href":"https:\/\/velo-utile.fr\/site\/wp-json\/wp\/v2\/posts\/3722","targetHints":{"allow":["GET"]}}],"collection":[{"href":"https:\/\/velo-utile.fr\/site\/wp-json\/wp\/v2\/posts"}],"about":[{"href":"https:\/\/velo-utile.fr\/site\/wp-json\/wp\/v2\/types\/post"}],"author":[{"embeddable":true,"href":"https:\/\/velo-utile.fr\/site\/wp-json\/wp\/v2\/users\/12"}],"replies":[{"embeddable":true,"href":"https:\/\/velo-utile.fr\/site\/wp-json\/wp\/v2\/comments?post=3722"}],"version-history":[{"count":2,"href":"https:\/\/velo-utile.fr\/site\/wp-json\/wp\/v2\/posts\/3722\/revisions"}],"predecessor-version":[{"id":3725,"href":"https:\/\/velo-utile.fr\/site\/wp-json\/wp\/v2\/posts\/3722\/revisions\/3725"}],"wp:attachment":[{"href":"https:\/\/velo-utile.fr\/site\/wp-json\/wp\/v2\/media?parent=3722"}],"wp:term":[{"taxonomy":"category","embeddable":true,"href":"https:\/\/velo-utile.fr\/site\/wp-json\/wp\/v2\/categories?post=3722"},{"taxonomy":"post_tag","embeddable":true,"href":"https:\/\/velo-utile.fr\/site\/wp-json\/wp\/v2\/tags?post=3722"}],"curies":[{"name":"wp","href":"https:\/\/api.w.org\/{rel}","templated":true}]}}