{"id":3659,"date":"2022-09-25T15:58:21","date_gmt":"2022-09-25T13:58:21","guid":{"rendered":"https:\/\/velo-utile.fr\/site\/?p=3659"},"modified":"2022-09-25T16:16:30","modified_gmt":"2022-09-25T14:16:30","slug":"conference-de-stein-van-oosteren-samedi-17-decembre-au-campus-mazier","status":"publish","type":"post","link":"https:\/\/velo-utile.fr\/site\/2022\/09\/conference-de-stein-van-oosteren-samedi-17-decembre-au-campus-mazier\/","title":{"rendered":"Cycle de conf\u00e9rences &#8211; fin 2022 \/ 2023"},"content":{"rendered":"<p>&nbsp;<\/p>\n<p><img loading=\"lazy\" decoding=\"async\" class=\"wp-image-3661 aligncenter\" src=\"https:\/\/velo-utile.fr\/site\/wp-content\/uploads\/2022\/09\/affiche-conferences-300x212.jpg\" alt=\"\" width=\"373\" height=\"263\" srcset=\"https:\/\/velo-utile.fr\/site\/wp-content\/uploads\/2022\/09\/affiche-conferences-300x212.jpg 300w, https:\/\/velo-utile.fr\/site\/wp-content\/uploads\/2022\/09\/affiche-conferences-1024x724.jpg 1024w, https:\/\/velo-utile.fr\/site\/wp-content\/uploads\/2022\/09\/affiche-conferences-768x543.jpg 768w, https:\/\/velo-utile.fr\/site\/wp-content\/uploads\/2022\/09\/affiche-conferences-1536x1086.jpg 1536w, https:\/\/velo-utile.fr\/site\/wp-content\/uploads\/2022\/09\/affiche-conferences-2048x1448.jpg 2048w, https:\/\/velo-utile.fr\/site\/wp-content\/uploads\/2022\/09\/affiche-conferences-600x424.jpg 600w\" sizes=\"auto, (max-width: 373px) 100vw, 373px\" \/><\/p>\n<p>Nous vous pr\u00e9parons plusieurs conf\u00e9rences qui s&rsquo;adressent \u00e0 tous, mais aussi aux \u00e9lus, avec en ligne de mire l&rsquo;envie de sensibiliser les d\u00e9cideurs du d\u00e9partement, agglom\u00e9rations et mairies concern\u00e9s par l\u2019am\u00e9nagement, la transition \u00e9cologique, les transports, le commerce\u2026 Notre objectif est de les aider \u00e0 comprendre les m\u00e9canismes du changement et leur montrer des exemples de ce qui marche (ou pas) ailleurs dans le monde.<\/p>\n<p>Ce cycle de conf\u00e9rences briochines est soutenu par la Ville de Saint-Brieuc.<\/p>\n<p>&nbsp;<\/p>\n<p><img loading=\"lazy\" decoding=\"async\" class=\"size-full wp-image-3630 alignleft\" src=\"https:\/\/velo-utile.fr\/site\/wp-content\/uploads\/2022\/09\/stein.jpg\" alt=\"\" width=\"126\" height=\"194\" \/><\/p>\n<h4 class=\"null\"><strong>Conf\u00e9rence : le Samedi 17 d\u00e9cembre au Campus Mazier de Saint-Brieuc<\/strong><\/h4>\n<p><strong>Stein Van Oosteren<\/strong> est attach\u00e9 diplomatique, philosophe de formation. Il vit en r\u00e9gion parisienne et travaille \u00e0 l\u2019ambassade des Pays-Bas \u00e0 Paris.<br \/>\nIl est porte-parole du Collectif v\u00e9lo Ile-de-France et a publi\u00e9 ce livre,<strong> \u00ab\u00a0Pourquoi le v\u00e9lo ?\u00a0\u00bb<\/strong>, fruit de ses r\u00e9flexions sur la mani\u00e8re dont la France et ses \u00e9lus peinent \u00e0 comprendre les multiples raisons pour lesquelles il faudrait encourager l\u2019usage du v\u00e9lo.<\/p>\n<p>&nbsp;<\/p>\n","protected":false},"excerpt":{"rendered":"<p>&nbsp; Nous vous pr\u00e9parons plusieurs conf\u00e9rences qui s&rsquo;adressent \u00e0 tous, mais aussi aux \u00e9lus, avec en ligne de mire l&rsquo;envie de sensibiliser les d\u00e9cideurs du d\u00e9partement, agglom\u00e9rations et mairies concern\u00e9s par l\u2019am\u00e9nagement, la transition \u00e9cologique, les transports, le commerce\u2026 Notre<\/p>\n","protected":false},"author":12,"featured_media":0,"comment_status":"closed","ping_status":"closed","sticky":false,"template":"","format":"standard","meta":{"footnotes":""},"categories":[60,2,65],"tags":[],"class_list":["post-3659","post","type-post","status-publish","format-standard","hentry","category-actu","category-commission-amenagement","category-animations"],"_links":{"self":[{"href":"https:\/\/velo-utile.fr\/site\/wp-json\/wp\/v2\/posts\/3659","targetHints":{"allow":["GET"]}}],"collection":[{"href":"https:\/\/velo-utile.fr\/site\/wp-json\/wp\/v2\/posts"}],"about":[{"href":"https:\/\/velo-utile.fr\/site\/wp-json\/wp\/v2\/types\/post"}],"author":[{"embeddable":true,"href":"https:\/\/velo-utile.fr\/site\/wp-json\/wp\/v2\/users\/12"}],"replies":[{"embeddable":true,"href":"https:\/\/velo-utile.fr\/site\/wp-json\/wp\/v2\/comments?post=3659"}],"version-history":[{"count":5,"href":"https:\/\/velo-utile.fr\/site\/wp-json\/wp\/v2\/posts\/3659\/revisions"}],"predecessor-version":[{"id":3666,"href":"https:\/\/velo-utile.fr\/site\/wp-json\/wp\/v2\/posts\/3659\/revisions\/3666"}],"wp:attachment":[{"href":"https:\/\/velo-utile.fr\/site\/wp-json\/wp\/v2\/media?parent=3659"}],"wp:term":[{"taxonomy":"category","embeddable":true,"href":"https:\/\/velo-utile.fr\/site\/wp-json\/wp\/v2\/categories?post=3659"},{"taxonomy":"post_tag","embeddable":true,"href":"https:\/\/velo-utile.fr\/site\/wp-json\/wp\/v2\/tags?post=3659"}],"curies":[{"name":"wp","href":"https:\/\/api.w.org\/{rel}","templated":true}]}}