{"id":3656,"date":"2022-09-25T15:58:47","date_gmt":"2022-09-25T13:58:47","guid":{"rendered":"https:\/\/velo-utile.fr\/site\/?p=3656"},"modified":"2022-09-25T16:23:14","modified_gmt":"2022-09-25T14:23:14","slug":"velo-ecole-cours-de-remise-en-selle-les-25-09-2-10-et-9-10","status":"publish","type":"post","link":"https:\/\/velo-utile.fr\/site\/2022\/09\/velo-ecole-cours-de-remise-en-selle-les-25-09-2-10-et-9-10\/","title":{"rendered":"V\u00e9lo \u00e9cole : cours de remise en selle les 25\/09, 2\/10 et 9\/10"},"content":{"rendered":"<h4><img loading=\"lazy\" decoding=\"async\" class=\"size-medium wp-image-3422 aligncenter\" src=\"https:\/\/velo-utile.fr\/site\/wp-content\/uploads\/2022\/04\/VeloUtile-PictoEcole-300x300.jpg\" alt=\"\" width=\"300\" height=\"300\" srcset=\"https:\/\/velo-utile.fr\/site\/wp-content\/uploads\/2022\/04\/VeloUtile-PictoEcole-300x300.jpg 300w, https:\/\/velo-utile.fr\/site\/wp-content\/uploads\/2022\/04\/VeloUtile-PictoEcole-150x150.jpg 150w, https:\/\/velo-utile.fr\/site\/wp-content\/uploads\/2022\/04\/VeloUtile-PictoEcole-768x768.jpg 768w, https:\/\/velo-utile.fr\/site\/wp-content\/uploads\/2022\/04\/VeloUtile-PictoEcole-270x270.jpg 270w, https:\/\/velo-utile.fr\/site\/wp-content\/uploads\/2022\/04\/VeloUtile-PictoEcole-230x230.jpg 230w, https:\/\/velo-utile.fr\/site\/wp-content\/uploads\/2022\/04\/VeloUtile-PictoEcole-600x600.jpg 600w, https:\/\/velo-utile.fr\/site\/wp-content\/uploads\/2022\/04\/VeloUtile-PictoEcole-100x100.jpg 100w, https:\/\/velo-utile.fr\/site\/wp-content\/uploads\/2022\/04\/VeloUtile-PictoEcole.jpg 827w\" sizes=\"auto, (max-width: 300px) 100vw, 300px\" \/><\/h4>\n<p class=\"null\">Le budget accord\u00e9 par la ville dans le cadre du projet participatif a permis l&rsquo;achat de 9 v\u00e9los (dont 1 VAE) et de petit mat\u00e9riel divers. Il va permettre \u00e9galement la formation de 6 b\u00e9n\u00e9voles de V\u00e9lo Utile, \u00e0 St Brieuc, entre le 23 et le 26 Octobre prochain. L&rsquo;association comptera donc \u00e0 l&rsquo;issue de ce stage une dizaine de b\u00e9n\u00e9voles form\u00e9s \u00ab\u00a0Initiateur Mobilit\u00e9 V\u00e9lo\u00a0\u00bb.<\/p>\n<p class=\"null\">Gr\u00e2ce \u00e0 la mobilisation de ces b\u00e9n\u00e9voles nous allons commencer des cours de \u00ab\u00a0remise en selle\u00a0\u00bb, destin\u00e9s \u00e0 des personnes ayant pratiqu\u00e9, mais qui ne se sentent pas suffisamment \u00e0 l&rsquo;aise pour rouler en ville. Les s\u00e9ances seront : les dimanche 25 Septembre, 2 Octobre et 9 Octobre, le but \u00e9tant de leur redonner confiance.<\/p>\n<p class=\"null\">Nous allons \u00e9galement mettre en place, en fin d&rsquo;ann\u00e9e, une formation d&rsquo;apprentissage au v\u00e9lo, en direction de \u00ab\u00a0primo-apprenants\u00a0\u00bb .<\/p>\n<p class=\"null\">Ces cours sont gratuits, mais une adh\u00e9sion \u00e0 l&rsquo;association est exig\u00e9e.<\/p>\n<p class=\"null\">Les cours se d\u00e9roulent le dimanche matin de 10h \u00e0 12h.<\/p>\n<p class=\"null\">Si vous souhaitez vous inscrire \u00e0 une prochaine session de formation, merci de prendre contact avec :<\/p>\n<p class=\"null\"><strong>Delphine Br\u00e9ant :<\/strong> 06 77 86 35 76<\/p>\n<p class=\"null\"><strong>Alain Jugla :<\/strong> 06 11 45 39 44<\/p>\n","protected":false},"excerpt":{"rendered":"<p>Le budget accord\u00e9 par la ville dans le cadre du projet participatif a permis l&rsquo;achat de 9 v\u00e9los (dont 1 VAE) et de petit mat\u00e9riel divers. Il va permettre \u00e9galement la formation de 6 b\u00e9n\u00e9voles de V\u00e9lo Utile, \u00e0 St<\/p>\n","protected":false},"author":12,"featured_media":0,"comment_status":"closed","ping_status":"closed","sticky":false,"template":"","format":"standard","meta":{"footnotes":""},"categories":[60,65,64],"tags":[],"class_list":["post-3656","post","type-post","status-publish","format-standard","hentry","category-actu","category-animations","category-velo-ecole"],"_links":{"self":[{"href":"https:\/\/velo-utile.fr\/site\/wp-json\/wp\/v2\/posts\/3656","targetHints":{"allow":["GET"]}}],"collection":[{"href":"https:\/\/velo-utile.fr\/site\/wp-json\/wp\/v2\/posts"}],"about":[{"href":"https:\/\/velo-utile.fr\/site\/wp-json\/wp\/v2\/types\/post"}],"author":[{"embeddable":true,"href":"https:\/\/velo-utile.fr\/site\/wp-json\/wp\/v2\/users\/12"}],"replies":[{"embeddable":true,"href":"https:\/\/velo-utile.fr\/site\/wp-json\/wp\/v2\/comments?post=3656"}],"version-history":[{"count":3,"href":"https:\/\/velo-utile.fr\/site\/wp-json\/wp\/v2\/posts\/3656\/revisions"}],"predecessor-version":[{"id":3667,"href":"https:\/\/velo-utile.fr\/site\/wp-json\/wp\/v2\/posts\/3656\/revisions\/3667"}],"wp:attachment":[{"href":"https:\/\/velo-utile.fr\/site\/wp-json\/wp\/v2\/media?parent=3656"}],"wp:term":[{"taxonomy":"category","embeddable":true,"href":"https:\/\/velo-utile.fr\/site\/wp-json\/wp\/v2\/categories?post=3656"},{"taxonomy":"post_tag","embeddable":true,"href":"https:\/\/velo-utile.fr\/site\/wp-json\/wp\/v2\/tags?post=3656"}],"curies":[{"name":"wp","href":"https:\/\/api.w.org\/{rel}","templated":true}]}}