{"id":3652,"date":"2022-09-25T15:59:10","date_gmt":"2022-09-25T13:59:10","guid":{"rendered":"https:\/\/velo-utile.fr\/site\/?p=3652"},"modified":"2022-09-25T15:59:10","modified_gmt":"2022-09-25T13:59:10","slug":"raconte-ton-voyage-a-velo-et-ou-viens-ecouter-ceux-des-autres-vendredi-30-09","status":"publish","type":"post","link":"https:\/\/velo-utile.fr\/site\/2022\/09\/raconte-ton-voyage-a-velo-et-ou-viens-ecouter-ceux-des-autres-vendredi-30-09\/","title":{"rendered":"Raconte ton voyage \u00e0 v\u00e9lo et \/ ou viens \u00e9couter ceux des autres &#8211; Vendredi 30\/09"},"content":{"rendered":"<div>\n<p>Une soir\u00e9e ou il sera possible de raconter son voyage \u00e0 v\u00e9lo de cet \u00e9t\u00e9, que \u00e7a soit un petit voyage dans votre jardin ou de plusieurs semaines, mois&#8230;<\/p>\n<p>Ouvert bien sur aussi aux personnes qui veulent r\u00eaver,<br \/>\n\u00e9couter des r\u00e9cits de voyageurs.<\/p>\n<ul>\n<li>\n<div>\n<p>Chaque intervenant aura <strong>5 minutes maximum<\/strong> pour raconter son voyage.<\/p>\n<\/div>\n<\/li>\n<li>Un temps d&rsquo;\u00e9change et ap\u00e9ro est pr\u00e9vu<\/li>\n<\/ul>\n<p>(Cette soir\u00e9e sera en ext\u00e9rieur, pr\u00e9voir des v\u00eatements chaud)<\/p>\n<div class=\"l7ghb35v kjdc1dyq kmwttqpk gh25dzvf jikcssrz n3t5jt4f\">\n<div dir=\"auto\"><span class=\"aeinzg81 b6ax4al1 cpcgwwas exr7barw f597kf1v gem102v4 gh25dzvf gvxzyvdx hxfwr5lz k1z55t6l m2nijcs8 mrvwc6qr ncib64c9 oog5qr5w pbevjfx6 sx8pxkcf t7p7dqev tes86rjd ztn2w49o\" dir=\"auto\"><u><strong>Lieu :<\/strong><\/u> Local de V\u00e9lo Utile (17 rue de Robien)<\/span><\/div>\n<div dir=\"auto\"><span class=\"aeinzg81 b6ax4al1 cpcgwwas exr7barw f597kf1v gem102v4 gh25dzvf gvxzyvdx hxfwr5lz k1z55t6l m2nijcs8 mrvwc6qr ncib64c9 oog5qr5w pbevjfx6 sx8pxkcf t7p7dqev tes86rjd ztn2w49o\" dir=\"auto\"><u><strong>Horaire :<\/strong><\/u> 20h<\/span><\/div>\n<\/div>\n<\/div>\n<div dir=\"auto\"><img loading=\"lazy\" decoding=\"async\" class=\"size-medium wp-image-3653 aligncenter\" src=\"https:\/\/velo-utile.fr\/site\/wp-content\/uploads\/2022\/09\/307452636_5337593273026018_4298515195239248911_n-120x300.png\" alt=\"\" width=\"120\" height=\"300\" srcset=\"https:\/\/velo-utile.fr\/site\/wp-content\/uploads\/2022\/09\/307452636_5337593273026018_4298515195239248911_n-120x300.png 120w, https:\/\/velo-utile.fr\/site\/wp-content\/uploads\/2022\/09\/307452636_5337593273026018_4298515195239248911_n.png 400w\" sizes=\"auto, (max-width: 120px) 100vw, 120px\" \/><\/div>\n","protected":false},"excerpt":{"rendered":"<p>Une soir\u00e9e ou il sera possible de raconter son voyage \u00e0 v\u00e9lo de cet \u00e9t\u00e9, que \u00e7a soit un petit voyage dans votre jardin ou de plusieurs semaines, mois&#8230; Ouvert bien sur aussi aux personnes qui veulent r\u00eaver, \u00e9couter des<\/p>\n","protected":false},"author":12,"featured_media":0,"comment_status":"closed","ping_status":"closed","sticky":false,"template":"","format":"standard","meta":{"footnotes":""},"categories":[60,65,15],"tags":[],"class_list":["post-3652","post","type-post","status-publish","format-standard","hentry","category-actu","category-animations","category-forum-osez-partir"],"_links":{"self":[{"href":"https:\/\/velo-utile.fr\/site\/wp-json\/wp\/v2\/posts\/3652","targetHints":{"allow":["GET"]}}],"collection":[{"href":"https:\/\/velo-utile.fr\/site\/wp-json\/wp\/v2\/posts"}],"about":[{"href":"https:\/\/velo-utile.fr\/site\/wp-json\/wp\/v2\/types\/post"}],"author":[{"embeddable":true,"href":"https:\/\/velo-utile.fr\/site\/wp-json\/wp\/v2\/users\/12"}],"replies":[{"embeddable":true,"href":"https:\/\/velo-utile.fr\/site\/wp-json\/wp\/v2\/comments?post=3652"}],"version-history":[{"count":2,"href":"https:\/\/velo-utile.fr\/site\/wp-json\/wp\/v2\/posts\/3652\/revisions"}],"predecessor-version":[{"id":3655,"href":"https:\/\/velo-utile.fr\/site\/wp-json\/wp\/v2\/posts\/3652\/revisions\/3655"}],"wp:attachment":[{"href":"https:\/\/velo-utile.fr\/site\/wp-json\/wp\/v2\/media?parent=3652"}],"wp:term":[{"taxonomy":"category","embeddable":true,"href":"https:\/\/velo-utile.fr\/site\/wp-json\/wp\/v2\/categories?post=3652"},{"taxonomy":"post_tag","embeddable":true,"href":"https:\/\/velo-utile.fr\/site\/wp-json\/wp\/v2\/tags?post=3652"}],"curies":[{"name":"wp","href":"https:\/\/api.w.org\/{rel}","templated":true}]}}