{"id":3629,"date":"2022-09-03T00:52:24","date_gmt":"2022-09-02T22:52:24","guid":{"rendered":"https:\/\/velo-utile.fr\/site\/?p=3629"},"modified":"2022-09-03T00:54:10","modified_gmt":"2022-09-02T22:54:10","slug":"conference-de-stein-van-oosteren-autour-de-son-livre-pourquoi-pas-le-velo","status":"publish","type":"post","link":"https:\/\/velo-utile.fr\/site\/2022\/09\/conference-de-stein-van-oosteren-autour-de-son-livre-pourquoi-pas-le-velo\/","title":{"rendered":"Conf\u00e9rence de Stein Van Oosteren autour de son livre \u00ab\u00a0Pourquoi pas le v\u00e9lo\u00a0\u00bb. Samedi 17 d\u00e9cembre"},"content":{"rendered":"<p><a href=\"https:\/\/velo-utile.fr\/site\/wp-content\/uploads\/2022\/09\/stein.jpg\"><img loading=\"lazy\" decoding=\"async\" class=\"alignleft size-full wp-image-3630\" src=\"https:\/\/velo-utile.fr\/site\/wp-content\/uploads\/2022\/09\/stein.jpg\" alt=\"\" width=\"126\" height=\"194\" \/><\/a><strong>Le Samedi 17 d\u00e9cembre \u00e0 Saint-Brieuc. Lieu \u00e0 pr\u00e9ciser<\/strong><\/p>\n<p>Stein Van Oosteren Cet est attach\u00e9 diplomatique, philosophe de formation. Il vit en r\u00e9gion parisienne et travaille \u00e0 l\u2019ambassade des Pays-Bas \u00e0 Paris. Il est porte-parole du Collectif v\u00e9lo Ile-de-France et a publi\u00e9 ce livre, fruit de ses r\u00e9flexions sur la mani\u00e8re dont la France et ses \u00e9lus peinent \u00e0 comprendre les multiples raisons pour lesquelles il faudrait encourager l\u2019usage du v\u00e9lo.<\/p>\n<p>Le cycle de conf\u00e9rences briochines est soutenu par la Ville de Saint-Brieuc<\/p>\n<p>&nbsp;<\/p>\n","protected":false},"excerpt":{"rendered":"<p>Le Samedi 17 d\u00e9cembre \u00e0 Saint-Brieuc. Lieu \u00e0 pr\u00e9ciser Stein Van Oosteren Cet est attach\u00e9 diplomatique, philosophe de formation. Il vit en r\u00e9gion parisienne et travaille \u00e0 l\u2019ambassade des Pays-Bas \u00e0 Paris. Il est porte-parole du Collectif v\u00e9lo Ile-de-France et<\/p>\n","protected":false},"author":10,"featured_media":3630,"comment_status":"closed","ping_status":"closed","sticky":false,"template":"","format":"standard","meta":{"footnotes":""},"categories":[60,2,65],"tags":[],"class_list":["post-3629","post","type-post","status-publish","format-standard","has-post-thumbnail","hentry","category-actu","category-commission-amenagement","category-animations"],"_links":{"self":[{"href":"https:\/\/velo-utile.fr\/site\/wp-json\/wp\/v2\/posts\/3629","targetHints":{"allow":["GET"]}}],"collection":[{"href":"https:\/\/velo-utile.fr\/site\/wp-json\/wp\/v2\/posts"}],"about":[{"href":"https:\/\/velo-utile.fr\/site\/wp-json\/wp\/v2\/types\/post"}],"author":[{"embeddable":true,"href":"https:\/\/velo-utile.fr\/site\/wp-json\/wp\/v2\/users\/10"}],"replies":[{"embeddable":true,"href":"https:\/\/velo-utile.fr\/site\/wp-json\/wp\/v2\/comments?post=3629"}],"version-history":[{"count":2,"href":"https:\/\/velo-utile.fr\/site\/wp-json\/wp\/v2\/posts\/3629\/revisions"}],"predecessor-version":[{"id":3632,"href":"https:\/\/velo-utile.fr\/site\/wp-json\/wp\/v2\/posts\/3629\/revisions\/3632"}],"wp:featuredmedia":[{"embeddable":true,"href":"https:\/\/velo-utile.fr\/site\/wp-json\/wp\/v2\/media\/3630"}],"wp:attachment":[{"href":"https:\/\/velo-utile.fr\/site\/wp-json\/wp\/v2\/media?parent=3629"}],"wp:term":[{"taxonomy":"category","embeddable":true,"href":"https:\/\/velo-utile.fr\/site\/wp-json\/wp\/v2\/categories?post=3629"},{"taxonomy":"post_tag","embeddable":true,"href":"https:\/\/velo-utile.fr\/site\/wp-json\/wp\/v2\/tags?post=3629"}],"curies":[{"name":"wp","href":"https:\/\/api.w.org\/{rel}","templated":true}]}}