{"id":3621,"date":"2022-09-03T00:39:48","date_gmt":"2022-09-02T22:39:48","guid":{"rendered":"https:\/\/velo-utile.fr\/site\/?p=3621"},"modified":"2025-12-16T13:25:00","modified_gmt":"2025-12-16T12:25:00","slug":"together-we-cycle-projections-debats","status":"publish","type":"post","link":"https:\/\/velo-utile.fr\/site\/2022\/09\/together-we-cycle-projections-debats\/","title":{"rendered":"Together we cycle : projections-d\u00e9bats, 15 et 16 septembre"},"content":{"rendered":"\n<figure class=\"wp-block-image aligncenter size-full\"><img loading=\"lazy\" decoding=\"async\" width=\"283\" height=\"180\" src=\"https:\/\/velo-utile.fr\/site\/wp-content\/uploads\/2022\/09\/together.jpg\" alt=\"\" class=\"wp-image-3624\"\/><\/figure>\n\n\n\n<p>Projection de<strong> \u00ab\u00a0Together we cycle\u00a0\u00bb<\/strong> du r\u00e9alisateur n\u00e9erlandais Gertjan Hulster. Le film vous expliquera comment les N\u00e9erlandais ont transform\u00e9 leur pays en faisant&nbsp;\u00e9merger une v\u00e9ritable culture du v\u00e9lo<\/p>\n\n\n\n<!--more-->\n\n\n\n<p>Jusque dans les ann\u00e9es 1970, l\u2019\u00e9volution des mobilit\u00e9s aux Pays-Bas suivait la m\u00eame direction que partout ailleurs. Le v\u00e9lo \u00e9tait vu comme d\u00e9pass\u00e9 ;&nbsp;l\u2019avenir appartenait \u00e0 la voiture. Il ne restait alors&nbsp;qu\u2019\u00e0 adapter la ville \u00e0 la voiture.<br>Mais dans ce pays,&nbsp;en quelques d\u00e9cennies,&nbsp;le v\u00e9lo a r\u00e9ussi \u00e0 r\u00e9sister en faisant un retour triomphant dans l\u2019espace public. Ce retour a \u00e9t\u00e9 permis par un ensemble complexe de facteurs, dont la pression citoyenne en faveur des rues apais\u00e9es et la crise p\u00e9troli\u00e8re en 1973.<br>Dans Together we cycle, les acteurs de cette r\u00e9volution racontent le chemin sinueux ayant men\u00e9 les Pays-Bas \u00e0 devenir un pays o\u00f9 le v\u00e9lo est un choix \u00e9vident pour toutes et tous.<\/p>\n\n\n\n<p><strong>le jeudi 15 septembre, 20h,<\/strong> \u00e0 St QUAY PORTRIEUX au cin\u00e9ma l\u2019Arletty- Suivi d\u2019un \u00e9change avec Sebastien Marrec. Entr\u00e9e gratuite.<\/p>\n\n\n\n<p><strong>le vendredi 16 septembre, 20h<\/strong>, \u00e0 SAINT-BRIEUC au cin\u00e9ma le Club 6. Suivi d\u2019un \u00e9change avec Sebastien Marrec et Florian Le Vilain. Tarif&nbsp;: 6\u20ac<\/p>\n\n\n\n<p class=\"western\"><span style=\"font-size: medium;\">Passionn\u00e9 de mobilit\u00e9, <strong>S\u00e9bastien Marrec<\/strong> est dipl\u00f4m\u00e9 en urbanisme et am\u00e9nagement&nbsp;; il \u00e9tudie les politiques cyclables en Europe (France, Pays-Bas) <\/span><\/p>\n\n\n\n<p><span style=\"font-size: medium;\"><strong>Florian Le Villain<\/strong> est consultant en politiques et urbanisme cyclables.<\/span><\/p>\n","protected":false},"excerpt":{"rendered":"<p>Projection de \u00ab\u00a0Together we cycle\u00a0\u00bb du r\u00e9alisateur n\u00e9erlandais Gertjan Hulster. Le film vous expliquera comment les N\u00e9erlandais ont transform\u00e9 leur pays en faisant&nbsp;\u00e9merger une v\u00e9ritable culture du v\u00e9lo<\/p>\n","protected":false},"author":10,"featured_media":3624,"comment_status":"closed","ping_status":"closed","sticky":false,"template":"","format":"standard","meta":{"footnotes":""},"categories":[60,2,65],"tags":[],"class_list":["post-3621","post","type-post","status-publish","format-standard","has-post-thumbnail","hentry","category-actu","category-commission-amenagement","category-animations"],"_links":{"self":[{"href":"https:\/\/velo-utile.fr\/site\/wp-json\/wp\/v2\/posts\/3621","targetHints":{"allow":["GET"]}}],"collection":[{"href":"https:\/\/velo-utile.fr\/site\/wp-json\/wp\/v2\/posts"}],"about":[{"href":"https:\/\/velo-utile.fr\/site\/wp-json\/wp\/v2\/types\/post"}],"author":[{"embeddable":true,"href":"https:\/\/velo-utile.fr\/site\/wp-json\/wp\/v2\/users\/10"}],"replies":[{"embeddable":true,"href":"https:\/\/velo-utile.fr\/site\/wp-json\/wp\/v2\/comments?post=3621"}],"version-history":[{"count":5,"href":"https:\/\/velo-utile.fr\/site\/wp-json\/wp\/v2\/posts\/3621\/revisions"}],"predecessor-version":[{"id":6054,"href":"https:\/\/velo-utile.fr\/site\/wp-json\/wp\/v2\/posts\/3621\/revisions\/6054"}],"wp:featuredmedia":[{"embeddable":true,"href":"https:\/\/velo-utile.fr\/site\/wp-json\/wp\/v2\/media\/3624"}],"wp:attachment":[{"href":"https:\/\/velo-utile.fr\/site\/wp-json\/wp\/v2\/media?parent=3621"}],"wp:term":[{"taxonomy":"category","embeddable":true,"href":"https:\/\/velo-utile.fr\/site\/wp-json\/wp\/v2\/categories?post=3621"},{"taxonomy":"post_tag","embeddable":true,"href":"https:\/\/velo-utile.fr\/site\/wp-json\/wp\/v2\/tags?post=3621"}],"curies":[{"name":"wp","href":"https:\/\/api.w.org\/{rel}","templated":true}]}}