{"id":3617,"date":"2022-09-03T00:28:19","date_gmt":"2022-09-02T22:28:19","guid":{"rendered":"https:\/\/velo-utile.fr\/site\/?p=3617"},"modified":"2022-09-03T00:31:03","modified_gmt":"2022-09-02T22:31:03","slug":"samedi-17-septembre-fete-du-velo-a-saint-quay-portrieux","status":"publish","type":"post","link":"https:\/\/velo-utile.fr\/site\/2022\/09\/samedi-17-septembre-fete-du-velo-a-saint-quay-portrieux\/","title":{"rendered":"Samedi 17 septembre : f\u00eate du V\u00e9lo \u00e0 Saint-Quay-Portrieux"},"content":{"rendered":"<p><b><a href=\"https:\/\/velo-utile.fr\/site\/wp-content\/uploads\/2022\/09\/202208_FETEDUVELO_BANNER1600X1200PX-1.jpg\"><img loading=\"lazy\" decoding=\"async\" class=\"alignleft wp-image-3618 size-thumbnail\" src=\"https:\/\/velo-utile.fr\/site\/wp-content\/uploads\/2022\/09\/202208_FETEDUVELO_BANNER1600X1200PX-1-150x150.jpg\" alt=\"\" width=\"150\" height=\"150\" srcset=\"https:\/\/velo-utile.fr\/site\/wp-content\/uploads\/2022\/09\/202208_FETEDUVELO_BANNER1600X1200PX-1-150x150.jpg 150w, https:\/\/velo-utile.fr\/site\/wp-content\/uploads\/2022\/09\/202208_FETEDUVELO_BANNER1600X1200PX-1-270x270.jpg 270w, https:\/\/velo-utile.fr\/site\/wp-content\/uploads\/2022\/09\/202208_FETEDUVELO_BANNER1600X1200PX-1-230x230.jpg 230w, https:\/\/velo-utile.fr\/site\/wp-content\/uploads\/2022\/09\/202208_FETEDUVELO_BANNER1600X1200PX-1-300x300.jpg 300w, https:\/\/velo-utile.fr\/site\/wp-content\/uploads\/2022\/09\/202208_FETEDUVELO_BANNER1600X1200PX-1-100x100.jpg 100w\" sizes=\"auto, (max-width: 150px) 100vw, 150px\" \/><\/a>F\u00eate du v\u00e9lo \u00e0 St Quay <\/b>: un collectif d\u2019habitants, d\u2019\u00e9coles, d\u2019associations et d\u2019entreprises, soutenu par V\u00e9lo Utile, organise une F\u00eate du V\u00e9lo le Samedi 17 septembre avec un programme d\u2019animations, de rencontres \u00e0 la fois instructives et ludiques, au parc de la Duchesse Anne.<\/p>\n<p>Une <b>v\u00e9lorution<\/b> , d\u00e9butera \u00e0 11 heures (parking du Netto).<\/p>\n<p>Nous avons besoin de b\u00e9n\u00e9voles pour en assurer la s\u00e9curit\u00e9.<\/p>\n<p>L\u2019antenne pordicaise de V\u00e9lo Utile sera l\u00e0 en renfort, donc nous recherchons 5-6 briochin*es motiv\u00e9\u00b7es pour aller t\u00f4t (vers 9h) \u00e0 St Quay et prendre les Pordicais au passage \u00e0 10h.<\/p>\n<p>Plus d\u2019informations\u00a0: <a href=\"https:\/\/saintquayportrieux.fr\/events\/event\/fete-du-velo-goelo\/\">https:\/\/saintquayportrieux.fr\/events\/event\/fete-du-velo-goelo\/<\/a><\/p>\n<p>&nbsp;<\/p>\n","protected":false},"excerpt":{"rendered":"<p>F\u00eate du v\u00e9lo \u00e0 St Quay : un collectif d\u2019habitants, d\u2019\u00e9coles, d\u2019associations et d\u2019entreprises, soutenu par V\u00e9lo Utile, organise une F\u00eate du V\u00e9lo le Samedi 17 septembre avec un programme d\u2019animations, de rencontres \u00e0 la fois instructives et ludiques, au<\/p>\n","protected":false},"author":10,"featured_media":3618,"comment_status":"closed","ping_status":"closed","sticky":false,"template":"","format":"standard","meta":{"footnotes":""},"categories":[60,65],"tags":[],"class_list":["post-3617","post","type-post","status-publish","format-standard","has-post-thumbnail","hentry","category-actu","category-animations"],"_links":{"self":[{"href":"https:\/\/velo-utile.fr\/site\/wp-json\/wp\/v2\/posts\/3617","targetHints":{"allow":["GET"]}}],"collection":[{"href":"https:\/\/velo-utile.fr\/site\/wp-json\/wp\/v2\/posts"}],"about":[{"href":"https:\/\/velo-utile.fr\/site\/wp-json\/wp\/v2\/types\/post"}],"author":[{"embeddable":true,"href":"https:\/\/velo-utile.fr\/site\/wp-json\/wp\/v2\/users\/10"}],"replies":[{"embeddable":true,"href":"https:\/\/velo-utile.fr\/site\/wp-json\/wp\/v2\/comments?post=3617"}],"version-history":[{"count":2,"href":"https:\/\/velo-utile.fr\/site\/wp-json\/wp\/v2\/posts\/3617\/revisions"}],"predecessor-version":[{"id":3620,"href":"https:\/\/velo-utile.fr\/site\/wp-json\/wp\/v2\/posts\/3617\/revisions\/3620"}],"wp:featuredmedia":[{"embeddable":true,"href":"https:\/\/velo-utile.fr\/site\/wp-json\/wp\/v2\/media\/3618"}],"wp:attachment":[{"href":"https:\/\/velo-utile.fr\/site\/wp-json\/wp\/v2\/media?parent=3617"}],"wp:term":[{"taxonomy":"category","embeddable":true,"href":"https:\/\/velo-utile.fr\/site\/wp-json\/wp\/v2\/categories?post=3617"},{"taxonomy":"post_tag","embeddable":true,"href":"https:\/\/velo-utile.fr\/site\/wp-json\/wp\/v2\/tags?post=3617"}],"curies":[{"name":"wp","href":"https:\/\/api.w.org\/{rel}","templated":true}]}}