{"id":3593,"date":"2022-06-19T23:14:10","date_gmt":"2022-06-19T21:14:10","guid":{"rendered":"https:\/\/velo-utile.fr\/site\/?p=3593"},"modified":"2022-06-19T23:14:10","modified_gmt":"2022-06-19T21:14:10","slug":"demonte-moi-mon-amour-3-vendredi-24-juin-2022-19h-23h","status":"publish","type":"post","link":"https:\/\/velo-utile.fr\/site\/2022\/06\/demonte-moi-mon-amour-3-vendredi-24-juin-2022-19h-23h\/","title":{"rendered":"D\u00e9monte moi mon amour #3 &#8211; vendredi 24 juin 2022, 19h-23h"},"content":{"rendered":"<p><strong>LE 24 JUIN 2022<br \/>\nDE 19H \u00c0 23 H<\/p>\n<p>MUSIQUE<br \/>\nBBQ<br \/>\nAp\u00e9ro<br \/>\nBonne humeur<br \/>\nChacun apporte ce qu&rsquo;il souhaite<br \/>\nDJ Lyzmenta propuls\u00e9 par 1Gr le G records<\/p>\n<p>Le principe : on d\u00e9monte des v\u00e9los (pas besoin de savoir d\u00e9j\u00e0 faire!), on trie, le tout dans la bonne humeur!<\/p>\n<p>O\u00f9? Au local de V\u00e9lo Utile, 17 rue de Robien \u00e0 Saint-Brieuc<\/strong><\/p>\n<p><a href=\"https:\/\/velo-utile.fr\/site\/wp-content\/uploads\/2022\/06\/affiche.pdf\">T\u00e9l\u00e9chargez le flyer pour le partager autant que vous voulez!<\/a><\/p>\n<p><a href=\"https:\/\/velo-utile.fr\/site\/wp-content\/uploads\/2022\/06\/affiche1.jpg\"><img loading=\"lazy\" decoding=\"async\" class=\"alignleft wp-image-3594 size-medium\" src=\"https:\/\/velo-utile.fr\/site\/wp-content\/uploads\/2022\/06\/affiche1-212x300.jpg\" alt=\"\" width=\"212\" height=\"300\" srcset=\"https:\/\/velo-utile.fr\/site\/wp-content\/uploads\/2022\/06\/affiche1-212x300.jpg 212w, https:\/\/velo-utile.fr\/site\/wp-content\/uploads\/2022\/06\/affiche1-724x1024.jpg 724w, https:\/\/velo-utile.fr\/site\/wp-content\/uploads\/2022\/06\/affiche1-768x1086.jpg 768w, https:\/\/velo-utile.fr\/site\/wp-content\/uploads\/2022\/06\/affiche1-1086x1536.jpg 1086w, https:\/\/velo-utile.fr\/site\/wp-content\/uploads\/2022\/06\/affiche1-1448x2048.jpg 1448w, https:\/\/velo-utile.fr\/site\/wp-content\/uploads\/2022\/06\/affiche1-600x849.jpg 600w, https:\/\/velo-utile.fr\/site\/wp-content\/uploads\/2022\/06\/affiche1.jpg 1653w\" sizes=\"auto, (max-width: 212px) 100vw, 212px\" \/><\/a><a href=\"https:\/\/velo-utile.fr\/site\/wp-content\/uploads\/2022\/06\/affiche2.jpg\"><img loading=\"lazy\" decoding=\"async\" class=\"alignleft wp-image-3595 size-medium\" src=\"https:\/\/velo-utile.fr\/site\/wp-content\/uploads\/2022\/06\/affiche2-212x300.jpg\" alt=\"\" width=\"212\" height=\"300\" srcset=\"https:\/\/velo-utile.fr\/site\/wp-content\/uploads\/2022\/06\/affiche2-212x300.jpg 212w, https:\/\/velo-utile.fr\/site\/wp-content\/uploads\/2022\/06\/affiche2-724x1024.jpg 724w, https:\/\/velo-utile.fr\/site\/wp-content\/uploads\/2022\/06\/affiche2-768x1086.jpg 768w, https:\/\/velo-utile.fr\/site\/wp-content\/uploads\/2022\/06\/affiche2-1086x1536.jpg 1086w, https:\/\/velo-utile.fr\/site\/wp-content\/uploads\/2022\/06\/affiche2-1448x2048.jpg 1448w, https:\/\/velo-utile.fr\/site\/wp-content\/uploads\/2022\/06\/affiche2-600x849.jpg 600w, https:\/\/velo-utile.fr\/site\/wp-content\/uploads\/2022\/06\/affiche2.jpg 1653w\" sizes=\"auto, (max-width: 212px) 100vw, 212px\" \/><\/a><\/p>\n","protected":false},"excerpt":{"rendered":"<p>LE 24 JUIN 2022 DE 19H \u00c0 23 H MUSIQUE BBQ Ap\u00e9ro Bonne humeur Chacun apporte ce qu&rsquo;il souhaite DJ Lyzmenta propuls\u00e9 par 1Gr le G records Le principe : on d\u00e9monte des v\u00e9los (pas besoin de savoir d\u00e9j\u00e0 faire!),<\/p>\n","protected":false},"author":10,"featured_media":3594,"comment_status":"closed","ping_status":"closed","sticky":false,"template":"","format":"standard","meta":{"footnotes":""},"categories":[60,65,4],"tags":[],"class_list":["post-3593","post","type-post","status-publish","format-standard","has-post-thumbnail","hentry","category-actu","category-animations","category-atelier"],"_links":{"self":[{"href":"https:\/\/velo-utile.fr\/site\/wp-json\/wp\/v2\/posts\/3593","targetHints":{"allow":["GET"]}}],"collection":[{"href":"https:\/\/velo-utile.fr\/site\/wp-json\/wp\/v2\/posts"}],"about":[{"href":"https:\/\/velo-utile.fr\/site\/wp-json\/wp\/v2\/types\/post"}],"author":[{"embeddable":true,"href":"https:\/\/velo-utile.fr\/site\/wp-json\/wp\/v2\/users\/10"}],"replies":[{"embeddable":true,"href":"https:\/\/velo-utile.fr\/site\/wp-json\/wp\/v2\/comments?post=3593"}],"version-history":[{"count":2,"href":"https:\/\/velo-utile.fr\/site\/wp-json\/wp\/v2\/posts\/3593\/revisions"}],"predecessor-version":[{"id":3598,"href":"https:\/\/velo-utile.fr\/site\/wp-json\/wp\/v2\/posts\/3593\/revisions\/3598"}],"wp:featuredmedia":[{"embeddable":true,"href":"https:\/\/velo-utile.fr\/site\/wp-json\/wp\/v2\/media\/3594"}],"wp:attachment":[{"href":"https:\/\/velo-utile.fr\/site\/wp-json\/wp\/v2\/media?parent=3593"}],"wp:term":[{"taxonomy":"category","embeddable":true,"href":"https:\/\/velo-utile.fr\/site\/wp-json\/wp\/v2\/categories?post=3593"},{"taxonomy":"post_tag","embeddable":true,"href":"https:\/\/velo-utile.fr\/site\/wp-json\/wp\/v2\/tags?post=3593"}],"curies":[{"name":"wp","href":"https:\/\/api.w.org\/{rel}","templated":true}]}}