{"id":3521,"date":"2022-04-25T23:56:58","date_gmt":"2022-04-25T21:56:58","guid":{"rendered":"https:\/\/velo-utile.fr\/site\/?p=3521"},"modified":"2022-04-26T00:01:10","modified_gmt":"2022-04-25T22:01:10","slug":"velo-utile-hors-les-murs-en-mai-et-juin-2022","status":"publish","type":"post","link":"https:\/\/velo-utile.fr\/site\/2022\/04\/velo-utile-hors-les-murs-en-mai-et-juin-2022\/","title":{"rendered":"V\u00e9lo Utile hors les murs en mai et juin 2022"},"content":{"rendered":"<h3 class=\"null\"><strong>En mai et juin, \u00e7a d\u00e9carbure \u00e0 v\u00e9lo!<\/strong><\/h3>\n<h4><strong>Faites vos courses \u00e0 v\u00e9lo\u00a0:<\/strong><\/h4>\n<p>Tous les samedis matin de mai,\u00a0\u00a0venez en famille avec vos cargos, remorques et sacoches pour montrer que c\u2019est possible de faire ses courses \u00e0 v\u00e9lo. La ville met \u00e0 disposition des places de stationnement au niveau de la place du Puits au Lait.<\/p>\n<p><strong>Forum \u00abLa vie \u00e0 l\u2019Ouest\u00bb le samedi 14 mai, <\/strong>de 10h \u00e0 16h, Stade H\u00e9l\u00e8ne Boucher.<\/p>\n<p>Forum des associations organis\u00e9 par La Ruche et les associations de quartier. V\u00e9lo Utile y tiendra un stand ainsi que Roue Libre. N&rsquo;h\u00e9sitez pas \u00e0 venir nous donner un coup de main : plus on est de fous&#8230;<\/p>\n<p><strong>F\u00eate de l\u2019\u00e9t\u00e9 le samedi 25 juin,\u00a0<\/strong>de 14h \u00e0 18h,\u00a0 Stade H\u00e9l\u00e8ne Boucher et Bois Boissel.<br \/>\nOrganis\u00e9 par la Ruche et les associations de quartier \u2013<\/p>\n","protected":false},"excerpt":{"rendered":"<p>En mai et juin, \u00e7a d\u00e9carbure \u00e0 v\u00e9lo! Faites vos courses \u00e0 v\u00e9lo\u00a0: Tous les samedis matin de mai,\u00a0\u00a0venez en famille avec vos cargos, remorques et sacoches pour montrer que c\u2019est possible de faire ses courses \u00e0 v\u00e9lo. La ville<\/p>\n","protected":false},"author":10,"featured_media":0,"comment_status":"closed","ping_status":"closed","sticky":false,"template":"","format":"standard","meta":{"footnotes":""},"categories":[65],"tags":[],"class_list":["post-3521","post","type-post","status-publish","format-standard","hentry","category-animations"],"_links":{"self":[{"href":"https:\/\/velo-utile.fr\/site\/wp-json\/wp\/v2\/posts\/3521","targetHints":{"allow":["GET"]}}],"collection":[{"href":"https:\/\/velo-utile.fr\/site\/wp-json\/wp\/v2\/posts"}],"about":[{"href":"https:\/\/velo-utile.fr\/site\/wp-json\/wp\/v2\/types\/post"}],"author":[{"embeddable":true,"href":"https:\/\/velo-utile.fr\/site\/wp-json\/wp\/v2\/users\/10"}],"replies":[{"embeddable":true,"href":"https:\/\/velo-utile.fr\/site\/wp-json\/wp\/v2\/comments?post=3521"}],"version-history":[{"count":1,"href":"https:\/\/velo-utile.fr\/site\/wp-json\/wp\/v2\/posts\/3521\/revisions"}],"predecessor-version":[{"id":3522,"href":"https:\/\/velo-utile.fr\/site\/wp-json\/wp\/v2\/posts\/3521\/revisions\/3522"}],"wp:attachment":[{"href":"https:\/\/velo-utile.fr\/site\/wp-json\/wp\/v2\/media?parent=3521"}],"wp:term":[{"taxonomy":"category","embeddable":true,"href":"https:\/\/velo-utile.fr\/site\/wp-json\/wp\/v2\/categories?post=3521"},{"taxonomy":"post_tag","embeddable":true,"href":"https:\/\/velo-utile.fr\/site\/wp-json\/wp\/v2\/tags?post=3521"}],"curies":[{"name":"wp","href":"https:\/\/api.w.org\/{rel}","templated":true}]}}