{"id":3497,"date":"2022-04-23T00:24:35","date_gmt":"2022-04-22T22:24:35","guid":{"rendered":"https:\/\/velo-utile.fr\/site\/?p=3497"},"modified":"2022-05-14T17:43:47","modified_gmt":"2022-05-14T15:43:47","slug":"velo-ecole-un-projet-pour-le-budget-participatif-de-la-ville-de-saint-brieuc","status":"publish","type":"post","link":"https:\/\/velo-utile.fr\/site\/2022\/04\/velo-ecole-un-projet-pour-le-budget-participatif-de-la-ville-de-saint-brieuc\/","title":{"rendered":"V\u00e9lo \u00e9cole : un projet pour le budget participatif de la Ville de Saint-Brieuc"},"content":{"rendered":"<h3 class=\"null\">Budget participatif de la Ville de Saint-Brieuc:<\/h3>\n<p class=\"null\">Depuis le mois de f\u00e9vrier , la V\u00e9lo \u00e9cole de V\u00e9lo Utile est \u00e0 pied d\u2019\u0153uvre tous les dimanches matins pour apprendre le v\u00e9lo \u00e0 une dizaine d&rsquo;adultes \u00e0 ce jour.<br \/>\nBient\u00f4t, Amira, Marcelle, Leslie, Elisabeth,Rebecca, Pamela seront mobiles et autonomes.<\/p>\n<p>Aujourd&rsquo;hui la V\u00e9lo \u00e9cole a besoin, pour fonctionner :<\/p>\n<ul>\n<li>d&rsquo;une flotte de v\u00e9los plus adapt\u00e9e \u00e0 l\u2019apprentissage (4 v\u00e9los + 1 v\u00e9lo \u00e9lectrique)<\/li>\n<li>de former plus de b\u00e9n\u00e9voles capables d&rsquo;assurer les sessions de v\u00e9lo \u00e9cole<\/li>\n<li>nous avons ajout\u00e9 au projet l&rsquo;achat d&rsquo;une petite remorque pour la livraison des repas par les b\u00e9n\u00e9voles du Secours Catholique, car ce projet \u00e9tait trop petit pour \u00eatre soutenu seul dans le cadre du budget participatif.<\/li>\n<\/ul>\n<p>Pour lire le projet Cyclodidactes : <a href=\"https:\/\/velo-utile.fr\/site\/wp-content\/uploads\/2022\/05\/flyer-cyclodidactes.pdf\">https:\/\/velo-utile.fr\/site\/wp-content\/uploads\/2022\/05\/flyer-cyclodidactes.pdf<\/a><\/p>\n<p>Pour en savoir plus sur le budget participatif et voir les 22 projets d\u00e9pos\u00e9s: <a href=\"https:\/\/www.saint-brieuc.fr\/ville-citoyenne\/democratie-participative\/budget-participatif\/\">https:\/\/www.saint-brieuc.fr\/ville-citoyenne\/democratie-participative\/budget-participatif\/<\/a><\/p>\n<p class=\"null\"><strong>Du dimanche 15 mai au dimanche 29 mai<\/strong> se d\u00e9roulera la campagne de vote SMS pour permettre aux Briochin.e.s de voter pour leur projet pr\u00e9f\u00e9r\u00e9 sur la base de la liste des projets \u00e9ligibles. Nous avons besoin de vous pour faire exister ce projet!<\/p>\n<p><strong>Envoyez PROJET 10 par SMS au 32321 (gratuit &#8211; vous recevrez un sms de confirmation)<\/strong><\/p>\n","protected":false},"excerpt":{"rendered":"<p>Budget participatif de la Ville de Saint-Brieuc: Depuis le mois de f\u00e9vrier , la V\u00e9lo \u00e9cole de V\u00e9lo Utile est \u00e0 pied d\u2019\u0153uvre tous les dimanches matins pour apprendre le v\u00e9lo \u00e0 une dizaine d&rsquo;adultes \u00e0 ce jour. Bient\u00f4t, Amira,<\/p>\n","protected":false},"author":10,"featured_media":0,"comment_status":"closed","ping_status":"closed","sticky":false,"template":"","format":"standard","meta":{"footnotes":""},"categories":[60,64],"tags":[],"class_list":["post-3497","post","type-post","status-publish","format-standard","hentry","category-actu","category-velo-ecole"],"_links":{"self":[{"href":"https:\/\/velo-utile.fr\/site\/wp-json\/wp\/v2\/posts\/3497","targetHints":{"allow":["GET"]}}],"collection":[{"href":"https:\/\/velo-utile.fr\/site\/wp-json\/wp\/v2\/posts"}],"about":[{"href":"https:\/\/velo-utile.fr\/site\/wp-json\/wp\/v2\/types\/post"}],"author":[{"embeddable":true,"href":"https:\/\/velo-utile.fr\/site\/wp-json\/wp\/v2\/users\/10"}],"replies":[{"embeddable":true,"href":"https:\/\/velo-utile.fr\/site\/wp-json\/wp\/v2\/comments?post=3497"}],"version-history":[{"count":6,"href":"https:\/\/velo-utile.fr\/site\/wp-json\/wp\/v2\/posts\/3497\/revisions"}],"predecessor-version":[{"id":3564,"href":"https:\/\/velo-utile.fr\/site\/wp-json\/wp\/v2\/posts\/3497\/revisions\/3564"}],"wp:attachment":[{"href":"https:\/\/velo-utile.fr\/site\/wp-json\/wp\/v2\/media?parent=3497"}],"wp:term":[{"taxonomy":"category","embeddable":true,"href":"https:\/\/velo-utile.fr\/site\/wp-json\/wp\/v2\/categories?post=3497"},{"taxonomy":"post_tag","embeddable":true,"href":"https:\/\/velo-utile.fr\/site\/wp-json\/wp\/v2\/tags?post=3497"}],"curies":[{"name":"wp","href":"https:\/\/api.w.org\/{rel}","templated":true}]}}