{"id":3493,"date":"2022-04-23T00:08:57","date_gmt":"2022-04-22T22:08:57","guid":{"rendered":"https:\/\/velo-utile.fr\/site\/?p=3493"},"modified":"2022-04-23T00:31:42","modified_gmt":"2022-04-22T22:31:42","slug":"velo-ecole-actualites","status":"publish","type":"post","link":"https:\/\/velo-utile.fr\/site\/2022\/04\/velo-ecole-actualites\/","title":{"rendered":"On p\u00e9dale \u00e0 la V\u00e9lo \u00e9cole!"},"content":{"rendered":"<h3 class=\"null\">On p\u00e9dale \u00e0 la V\u00e9lo \u00e9cole!<\/h3>\n<p class=\"null\">Depuis le mois de f\u00e9vrier, une \u00e9quipe de b\u00e9n\u00e9voles s&rsquo;est constitu\u00e9e pour apprendre le v\u00e9lo \u00e0 une dizaine d&rsquo;adultes, qui seront bient\u00f4t autonomes \u00e0 v\u00e9lo!<\/p>\n<p><strong>Les stagiaires<\/strong><\/p>\n<p>Tous les dimanches matin de 10h \u00e0 12h, Amira, Elisabeth, Marcelle, Leslie, Rebecca, Pamela &#8230;\u00a0 sont venues pour apprendre \u00e0 faire du v\u00e9lo. Le 1er cycle d&rsquo;apprentissage va bient\u00f4t se terminer et nos apprenant*es pourront bient\u00f4t retrouver autonomie et mobilit\u00e9 et se mouvoir seules \u00e0 v\u00e9lo.<\/p>\n<p>Dans la plupart des cas, nos stagiaires n&rsquo;avaient jamais fait de v\u00e9lo auparavant. D&rsquo;autres avaient besoin d&rsquo;\u00eatre remis*es en confiance.<\/p>\n<p class=\"null\"><strong>Les encadrant*es<\/strong><\/p>\n<p class=\"null\">Pour l&rsquo;heure, deux b\u00e9n\u00e9voles de V\u00e9lo Utile ont suivi la formation IMV &#8211; Initiateur\/trice mobilit\u00e9 V\u00e9lo afin de proposer des sessions d&rsquo;apprentissage du v\u00e9lo pour des publics enfants ou adultes. Une \u00e9quipe de 8 b\u00e9n\u00e9voles s&rsquo;est aujourd&rsquo;hui constitu\u00e9e et se relaie pour assurer les sessions d&rsquo;apprentissage.<\/p>\n<p>Nous sommes en recherche de b\u00e9n\u00e9voles suppl\u00e9mentaires pour planifier les prochaines sessions. Le financement de formations IMV est possible.<\/p>\n<p><strong>Le mat\u00e9riel<\/strong><\/p>\n<p>Les b\u00e9n\u00e9voles de l&rsquo;atelier V\u00e9lo Utile ont pr\u00e9par\u00e9 une flotte de v\u00e9los pour la V\u00e9lo \u00c9cole. V\u00e9lo Utile a d\u00e9pos\u00e9 un projet dans le cadre du <a href=\"https:\/\/www.saint-brieuc.fr\/ville-citoyenne\/democratie-participative\/budget-participatif\/\">budget participatif<\/a> de la Ville de Saint-Brieuc, afin d&rsquo;\u00e9quiper la V\u00e9lo \u00e9cole d&rsquo;une flotte de v\u00e9los plus adapt\u00e9e \u00e0 l&rsquo;apprentissage.<\/p>\n","protected":false},"excerpt":{"rendered":"<p>On p\u00e9dale \u00e0 la V\u00e9lo \u00e9cole! Depuis le mois de f\u00e9vrier, une \u00e9quipe de b\u00e9n\u00e9voles s&rsquo;est constitu\u00e9e pour apprendre le v\u00e9lo \u00e0 une dizaine d&rsquo;adultes, qui seront bient\u00f4t autonomes \u00e0 v\u00e9lo! Les stagiaires Tous les dimanches matin de 10h \u00e0<\/p>\n","protected":false},"author":10,"featured_media":0,"comment_status":"closed","ping_status":"closed","sticky":false,"template":"","format":"standard","meta":{"footnotes":""},"categories":[60,64],"tags":[],"class_list":["post-3493","post","type-post","status-publish","format-standard","hentry","category-actu","category-velo-ecole"],"_links":{"self":[{"href":"https:\/\/velo-utile.fr\/site\/wp-json\/wp\/v2\/posts\/3493","targetHints":{"allow":["GET"]}}],"collection":[{"href":"https:\/\/velo-utile.fr\/site\/wp-json\/wp\/v2\/posts"}],"about":[{"href":"https:\/\/velo-utile.fr\/site\/wp-json\/wp\/v2\/types\/post"}],"author":[{"embeddable":true,"href":"https:\/\/velo-utile.fr\/site\/wp-json\/wp\/v2\/users\/10"}],"replies":[{"embeddable":true,"href":"https:\/\/velo-utile.fr\/site\/wp-json\/wp\/v2\/comments?post=3493"}],"version-history":[{"count":2,"href":"https:\/\/velo-utile.fr\/site\/wp-json\/wp\/v2\/posts\/3493\/revisions"}],"predecessor-version":[{"id":3496,"href":"https:\/\/velo-utile.fr\/site\/wp-json\/wp\/v2\/posts\/3493\/revisions\/3496"}],"wp:attachment":[{"href":"https:\/\/velo-utile.fr\/site\/wp-json\/wp\/v2\/media?parent=3493"}],"wp:term":[{"taxonomy":"category","embeddable":true,"href":"https:\/\/velo-utile.fr\/site\/wp-json\/wp\/v2\/categories?post=3493"},{"taxonomy":"post_tag","embeddable":true,"href":"https:\/\/velo-utile.fr\/site\/wp-json\/wp\/v2\/tags?post=3493"}],"curies":[{"name":"wp","href":"https:\/\/api.w.org\/{rel}","templated":true}]}}