{"id":3241,"date":"2021-11-11T15:23:25","date_gmt":"2021-11-11T14:23:25","guid":{"rendered":"https:\/\/velo-utile.fr\/site\/?p=3241"},"modified":"2021-11-11T15:23:25","modified_gmt":"2021-11-11T14:23:25","slug":"reunion-benevolons-a-vu-2","status":"publish","type":"post","link":"https:\/\/velo-utile.fr\/site\/2021\/11\/reunion-benevolons-a-vu-2\/","title":{"rendered":"R\u00e9union \u00ab\u00a0b\u00e9n\u00e9volons\u00a0\u00bb \u00e0 VU"},"content":{"rendered":"<div><strong>Le Vendredi 3 d\u00e9cembre \u00e0 19h30 dans les locaux de VU<\/strong>, on vous attend nombreux pour une r\u00e9union de b\u00e9n\u00e9volat g\u00e9n\u00e9ral : l&rsquo;id\u00e9e est de mobiliser vos comp\u00e9tences et de vous associer au maximum.<\/div>\n<div><\/div>\n<div>\u00a0\u00a0\u00a0\u00a0\u00a0\u00a0\u00a0\u00a0\u00a0\u00a0\u00a0\u00a0\u00a0\u00a0\u00a0\u00a0 Si vous avez des envies, du temps, des comp\u00e9tences, de la bonne humeur \u00e0 partager, venez-donc.<\/div>\n<div><\/div>\n<div>\u00a0\u00a0\u00a0\u00a0\u00a0\u00a0\u00a0\u00a0\u00a0\u00a0\u00a0\u00a0\u00a0\u00a0\u00a0\u00a0 Si vous avez besoin d&rsquo;en savoir plus sur ce que vous pouvez apporter \u00e0 l&rsquo;association, venez-donc aussi !<\/div>\n","protected":false},"excerpt":{"rendered":"<p>Le Vendredi 3 d\u00e9cembre \u00e0 19h30 dans les locaux de VU, on vous attend nombreux pour une r\u00e9union de b\u00e9n\u00e9volat g\u00e9n\u00e9ral : l&rsquo;id\u00e9e est de mobiliser vos comp\u00e9tences et de vous associer au maximum. \u00a0\u00a0\u00a0\u00a0\u00a0\u00a0\u00a0\u00a0\u00a0\u00a0\u00a0\u00a0\u00a0\u00a0\u00a0\u00a0 Si vous avez des envies,<\/p>\n","protected":false},"author":12,"featured_media":0,"comment_status":"closed","ping_status":"closed","sticky":false,"template":"","format":"standard","meta":{"footnotes":""},"categories":[16],"tags":[],"class_list":["post-3241","post","type-post","status-publish","format-standard","hentry","category-vie-associative"],"_links":{"self":[{"href":"https:\/\/velo-utile.fr\/site\/wp-json\/wp\/v2\/posts\/3241","targetHints":{"allow":["GET"]}}],"collection":[{"href":"https:\/\/velo-utile.fr\/site\/wp-json\/wp\/v2\/posts"}],"about":[{"href":"https:\/\/velo-utile.fr\/site\/wp-json\/wp\/v2\/types\/post"}],"author":[{"embeddable":true,"href":"https:\/\/velo-utile.fr\/site\/wp-json\/wp\/v2\/users\/12"}],"replies":[{"embeddable":true,"href":"https:\/\/velo-utile.fr\/site\/wp-json\/wp\/v2\/comments?post=3241"}],"version-history":[{"count":1,"href":"https:\/\/velo-utile.fr\/site\/wp-json\/wp\/v2\/posts\/3241\/revisions"}],"predecessor-version":[{"id":3242,"href":"https:\/\/velo-utile.fr\/site\/wp-json\/wp\/v2\/posts\/3241\/revisions\/3242"}],"wp:attachment":[{"href":"https:\/\/velo-utile.fr\/site\/wp-json\/wp\/v2\/media?parent=3241"}],"wp:term":[{"taxonomy":"category","embeddable":true,"href":"https:\/\/velo-utile.fr\/site\/wp-json\/wp\/v2\/categories?post=3241"},{"taxonomy":"post_tag","embeddable":true,"href":"https:\/\/velo-utile.fr\/site\/wp-json\/wp\/v2\/tags?post=3241"}],"curies":[{"name":"wp","href":"https:\/\/api.w.org\/{rel}","templated":true}]}}