{"id":3217,"date":"2021-11-11T15:45:08","date_gmt":"2021-11-11T14:45:08","guid":{"rendered":"https:\/\/velo-utile.fr\/site\/?p=3217"},"modified":"2024-11-07T20:30:30","modified_gmt":"2024-11-07T19:30:30","slug":"youpi-cest-le-retour-des-velonomies","status":"publish","type":"post","link":"https:\/\/velo-utile.fr\/site\/2021\/11\/youpi-cest-le-retour-des-velonomies\/","title":{"rendered":"Youpi ! C&rsquo;est le retour des V\u00e9lonomies."},"content":{"rendered":"<div>\n<p>Ce sont des ateliers le samedi matin une fois par mois avec un peu de th\u00e9orie et un maximum de pratique, ouverts \u00e0 toutes et tous.<\/p>\n<div>\n<p>Pas de comp\u00e9tences pr\u00e9alables requises (sauf mention contraire).<\/p>\n<div>\n<p>L&rsquo;\u00e9quipe de la V\u00e9lonomie vous concocte un programme de choc pour vous aider \u00e0 faire de votre v\u00e9lo, un ami pour la vie !<\/p>\n<div>\n<p>Chaque atelier aborde un sujet particulier: le freinage, la transmission, comment r\u00e9parer une crevaison, comment devenir b\u00e9n\u00e9vole&#8230;<\/p>\n<p>Programme (mis \u00e0 jour r\u00e9guli\u00e8rement):<\/p>\n<div>V\u00e9lonomie#7:\u00a0 \u00a0 \u00a0 \u00a0 12\u00a0 octobre\u00a0 \u00a0 \u00a0 \u00a0 \u00a02024\u00a0 \u00a0 \u00a0 \u00a0 (9h30-12h30),\u00a0 \u00a0 \u00a0 \u00a0 \u00a0 \u00a0 \u00a0 \u00a0 \u00a0 Entretenir son v\u00e9lo<br \/>\n<strong>V\u00e9lonomie#8:\u00a0 \u00a0 \u00a0 \u00a016\u00a0 novembre\u00a0 \u00a0 2024\u00a0 \u00a0 \u00a0 \u00a0 (9h30-12h30),\u00a0 \u00a0 \u00a0 \u00a0 \u00a0 \u00a0 \u00a0 \u00a0 \u00a0 Survivre en milieu hostile<\/strong><br \/>\nV\u00e9lonomie#9:\u00a0 \u00a0 \u00a0 \u00a0 14\u00a0 d\u00e9cembre\u00a0 \u00a0 \u00a02024\u00a0 \u00a0 \u00a0 \u00a0 (9h30-12h30),\u00a0 \u00a0 \u00a0 \u00a0 \u00a0 \u00a0 \u00a0 \u00a0 \u00a0Th\u00e8me \u00e0 venir<br \/>\nV\u00e9lonomie#10:\u00a0 \u00a0 \u00a018\u00a0 \u00a0janvier\u00a0 \u00a0 \u00a0 \u00a0 \u00a0 \u00a02025\u00a0 \u00a0 \u00a0 \u00a0 (9h30-12h30),\u00a0 \u00a0 \u00a0 \u00a0 \u00a0 \u00a0 \u00a0 \u00a0 \u00a0Th\u00e8me \u00e0 venir<br \/>\nV\u00e9lonomie#11:\u00a0 \u00a0 \u00a0 22\u00a0 f\u00e9vrier\u00a0 \u00a0 \u00a0 \u00a0 \u00a0 \u00a02025\u00a0 \u00a0 \u00a0 \u00a0 (9h30-12h30),\u00a0 \u00a0 \u00a0 \u00a0 \u00a0 \u00a0 \u00a0 \u00a0 \u00a0Th\u00e8me \u00e0 venir<\/div>\n<div><img loading=\"lazy\" decoding=\"async\" class=\"wp-image-4913 aligncenter\" src=\"https:\/\/velo-utile.fr\/site\/wp-content\/uploads\/2024\/11\/Survivre-en-milieu-hostile-5-1-300x245.jpg\" alt=\"\" width=\"234\" height=\"191\" srcset=\"https:\/\/velo-utile.fr\/site\/wp-content\/uploads\/2024\/11\/Survivre-en-milieu-hostile-5-1-300x245.jpg 300w, https:\/\/velo-utile.fr\/site\/wp-content\/uploads\/2024\/11\/Survivre-en-milieu-hostile-5-1-768x627.jpg 768w, https:\/\/velo-utile.fr\/site\/wp-content\/uploads\/2024\/11\/Survivre-en-milieu-hostile-5-1-600x490.jpg 600w, https:\/\/velo-utile.fr\/site\/wp-content\/uploads\/2024\/11\/Survivre-en-milieu-hostile-5-1.jpg 940w\" sizes=\"auto, (max-width: 234px) 100vw, 234px\" \/><\/p>\n<div><\/div>\n<\/div>\n<\/div>\n<\/div>\n<\/div>\n<\/div>\n","protected":false},"excerpt":{"rendered":"<p>Ce sont des ateliers le samedi matin une fois par mois avec un peu de th\u00e9orie et un maximum de pratique, ouverts \u00e0 toutes et tous. Pas de comp\u00e9tences pr\u00e9alables requises (sauf mention contraire). L&rsquo;\u00e9quipe de la V\u00e9lonomie vous concocte<\/p>\n","protected":false},"author":12,"featured_media":0,"comment_status":"closed","ping_status":"closed","sticky":false,"template":"","format":"standard","meta":{"footnotes":""},"categories":[60,4],"tags":[],"class_list":["post-3217","post","type-post","status-publish","format-standard","hentry","category-actu","category-atelier"],"_links":{"self":[{"href":"https:\/\/velo-utile.fr\/site\/wp-json\/wp\/v2\/posts\/3217","targetHints":{"allow":["GET"]}}],"collection":[{"href":"https:\/\/velo-utile.fr\/site\/wp-json\/wp\/v2\/posts"}],"about":[{"href":"https:\/\/velo-utile.fr\/site\/wp-json\/wp\/v2\/types\/post"}],"author":[{"embeddable":true,"href":"https:\/\/velo-utile.fr\/site\/wp-json\/wp\/v2\/users\/12"}],"replies":[{"embeddable":true,"href":"https:\/\/velo-utile.fr\/site\/wp-json\/wp\/v2\/comments?post=3217"}],"version-history":[{"count":11,"href":"https:\/\/velo-utile.fr\/site\/wp-json\/wp\/v2\/posts\/3217\/revisions"}],"predecessor-version":[{"id":4916,"href":"https:\/\/velo-utile.fr\/site\/wp-json\/wp\/v2\/posts\/3217\/revisions\/4916"}],"wp:attachment":[{"href":"https:\/\/velo-utile.fr\/site\/wp-json\/wp\/v2\/media?parent=3217"}],"wp:term":[{"taxonomy":"category","embeddable":true,"href":"https:\/\/velo-utile.fr\/site\/wp-json\/wp\/v2\/categories?post=3217"},{"taxonomy":"post_tag","embeddable":true,"href":"https:\/\/velo-utile.fr\/site\/wp-json\/wp\/v2\/tags?post=3217"}],"curies":[{"name":"wp","href":"https:\/\/api.w.org\/{rel}","templated":true}]}}