{"id":3103,"date":"2021-09-10T22:03:20","date_gmt":"2021-09-10T20:03:20","guid":{"rendered":"https:\/\/velo-utile.fr\/site\/?p=3103"},"modified":"2021-09-10T22:32:34","modified_gmt":"2021-09-10T20:32:34","slug":"journee-de-la-mobilite-2","status":"publish","type":"post","link":"https:\/\/velo-utile.fr\/site\/2021\/09\/journee-de-la-mobilite-2\/","title":{"rendered":"Journ\u00e9e de la mobilit\u00e9"},"content":{"rendered":"<p><strong>Avec Baie d&rsquo;Armor Transports, le 22 septembre<br \/>\n<\/strong><\/p>\n<p>V\u00e9lo Utile sera pr\u00e9sente de 11h30 \u00e0 17h devant la Maison du v\u00e9lo en faveur de la mobilit\u00e9<br \/>\n&#8211; Atelier r\u00e9paration et r\u00e9glage du v\u00e9lo<br \/>\n&#8211; Circuits \u00ab\u00a0Savoir rouler en ville\u00a0\u00bb d\u00e9parts \u00e0 12h00, 13h30, 15h : circuits d&rsquo;une heure \u00e0 partir de la maison du v\u00e9lo pour (mieux) conna\u00eetre les diff\u00e9rentes signal\u00e9tiques, identifier et ma\u00eetriser les difficult\u00e9s li\u00e9es \u00e0 la circulation \u00e0 v\u00e9lo en milieu urbain.<\/p>\n","protected":false},"excerpt":{"rendered":"<p>Avec Baie d&rsquo;Armor Transports, le 22 septembre V\u00e9lo Utile sera pr\u00e9sente de 11h30 \u00e0 17h devant la Maison du v\u00e9lo en faveur de la mobilit\u00e9 &#8211; Atelier r\u00e9paration et r\u00e9glage du v\u00e9lo &#8211; Circuits \u00ab\u00a0Savoir rouler en ville\u00a0\u00bb d\u00e9parts \u00e0<\/p>\n","protected":false},"author":12,"featured_media":0,"comment_status":"closed","ping_status":"closed","sticky":false,"template":"","format":"standard","meta":{"footnotes":""},"categories":[60,2,16],"tags":[],"class_list":["post-3103","post","type-post","status-publish","format-standard","hentry","category-actu","category-commission-amenagement","category-vie-associative"],"_links":{"self":[{"href":"https:\/\/velo-utile.fr\/site\/wp-json\/wp\/v2\/posts\/3103","targetHints":{"allow":["GET"]}}],"collection":[{"href":"https:\/\/velo-utile.fr\/site\/wp-json\/wp\/v2\/posts"}],"about":[{"href":"https:\/\/velo-utile.fr\/site\/wp-json\/wp\/v2\/types\/post"}],"author":[{"embeddable":true,"href":"https:\/\/velo-utile.fr\/site\/wp-json\/wp\/v2\/users\/12"}],"replies":[{"embeddable":true,"href":"https:\/\/velo-utile.fr\/site\/wp-json\/wp\/v2\/comments?post=3103"}],"version-history":[{"count":1,"href":"https:\/\/velo-utile.fr\/site\/wp-json\/wp\/v2\/posts\/3103\/revisions"}],"predecessor-version":[{"id":3104,"href":"https:\/\/velo-utile.fr\/site\/wp-json\/wp\/v2\/posts\/3103\/revisions\/3104"}],"wp:attachment":[{"href":"https:\/\/velo-utile.fr\/site\/wp-json\/wp\/v2\/media?parent=3103"}],"wp:term":[{"taxonomy":"category","embeddable":true,"href":"https:\/\/velo-utile.fr\/site\/wp-json\/wp\/v2\/categories?post=3103"},{"taxonomy":"post_tag","embeddable":true,"href":"https:\/\/velo-utile.fr\/site\/wp-json\/wp\/v2\/tags?post=3103"}],"curies":[{"name":"wp","href":"https:\/\/api.w.org\/{rel}","templated":true}]}}