{"id":3099,"date":"2021-09-10T21:54:03","date_gmt":"2021-09-10T19:54:03","guid":{"rendered":"https:\/\/velo-utile.fr\/site\/?p=3099"},"modified":"2021-09-10T21:54:03","modified_gmt":"2021-09-10T19:54:03","slug":"journee-de-la-mobilite","status":"publish","type":"post","link":"https:\/\/velo-utile.fr\/site\/2021\/09\/journee-de-la-mobilite\/","title":{"rendered":"Journ\u00e9e de la mobilit\u00e9"},"content":{"rendered":"<p><strong>Sur le campus Mazier, le jeudi 16 septembre de 11h \u00e0 15h.<\/strong><\/p>\n<p>Dans ce cadre, V\u00e9lo Utile accompagnera des \u00e9tudiants du campus pour une d\u00e9couverte de<br \/>\nSt Brieuc \u00e0 v\u00e9lo, \u00e0 partir du Campus, de 13h30 \u00e0 15h<\/p>\n","protected":false},"excerpt":{"rendered":"<p>Sur le campus Mazier, le jeudi 16 septembre de 11h \u00e0 15h. Dans ce cadre, V\u00e9lo Utile accompagnera des \u00e9tudiants du campus pour une d\u00e9couverte de St Brieuc \u00e0 v\u00e9lo, \u00e0 partir du Campus, de 13h30 \u00e0 15h<\/p>\n","protected":false},"author":12,"featured_media":0,"comment_status":"closed","ping_status":"closed","sticky":false,"template":"","format":"standard","meta":{"footnotes":""},"categories":[60],"tags":[],"class_list":["post-3099","post","type-post","status-publish","format-standard","hentry","category-actu"],"_links":{"self":[{"href":"https:\/\/velo-utile.fr\/site\/wp-json\/wp\/v2\/posts\/3099","targetHints":{"allow":["GET"]}}],"collection":[{"href":"https:\/\/velo-utile.fr\/site\/wp-json\/wp\/v2\/posts"}],"about":[{"href":"https:\/\/velo-utile.fr\/site\/wp-json\/wp\/v2\/types\/post"}],"author":[{"embeddable":true,"href":"https:\/\/velo-utile.fr\/site\/wp-json\/wp\/v2\/users\/12"}],"replies":[{"embeddable":true,"href":"https:\/\/velo-utile.fr\/site\/wp-json\/wp\/v2\/comments?post=3099"}],"version-history":[{"count":1,"href":"https:\/\/velo-utile.fr\/site\/wp-json\/wp\/v2\/posts\/3099\/revisions"}],"predecessor-version":[{"id":3100,"href":"https:\/\/velo-utile.fr\/site\/wp-json\/wp\/v2\/posts\/3099\/revisions\/3100"}],"wp:attachment":[{"href":"https:\/\/velo-utile.fr\/site\/wp-json\/wp\/v2\/media?parent=3099"}],"wp:term":[{"taxonomy":"category","embeddable":true,"href":"https:\/\/velo-utile.fr\/site\/wp-json\/wp\/v2\/categories?post=3099"},{"taxonomy":"post_tag","embeddable":true,"href":"https:\/\/velo-utile.fr\/site\/wp-json\/wp\/v2\/tags?post=3099"}],"curies":[{"name":"wp","href":"https:\/\/api.w.org\/{rel}","templated":true}]}}