{"id":3080,"date":"2021-09-10T17:25:39","date_gmt":"2021-09-10T15:25:39","guid":{"rendered":"https:\/\/velo-utile.fr\/site\/?p=3080"},"modified":"2026-04-02T18:46:13","modified_gmt":"2026-04-02T16:46:13","slug":"assemblee-generale-le-26-09-2021","status":"publish","type":"post","link":"https:\/\/velo-utile.fr\/site\/2021\/09\/assemblee-generale-le-26-09-2021\/","title":{"rendered":"Assembl\u00e9e G\u00e9n\u00e9rale le 26\/09\/2021"},"content":{"rendered":"\n<h1 class=\"wp-block-heading null\">Assembl\u00e9e G\u00e9n\u00e9rale de l&rsquo;association &#8211; 26\/09 d\u00e8s 11h<br><span style=\"font-size: medium;\"><strong>Le rendez-vous annuel&#8230; A ne pas manquer !<\/strong><\/span><\/h1>\n\n\n\n<p><span style=\"font-size: medium;\">L&rsquo;AG se d\u00e9roule au local de l&rsquo;association, 17 rue de Robien, Saint-Brieuc, \u00e0 partir de 11H.<br>Au programme : rapport d&rsquo;activit\u00e9, rapport moral, bilan financier et surtout : des \u00e9changes sympathiques !<br>On poursuivra par un pique nique, chacun*e am\u00e8ne un truc et on partage !<\/span><\/p>\n\n\n\n<h3 class=\"wp-block-heading\"><strong>Pourquoi c\u2019est important ?<\/strong><\/h3>\n\n\n\n<p>Parce que le projet de l\u2019association, ce sont les membres qui le construisent<\/p>\n\n\n\n<p>Parce que V\u00e9lo Utile fonctionne gr\u00e2ce \u00e0 vos \u00e9nergies<\/p>\n\n\n\n<p>Nous avons besoin de vous au sein du CVU et\/ou au sein des diff\u00e9rents groupes de travail, ou juste comme \u00e7a ponctuellement.<\/p>\n\n\n\n<h3 class=\"wp-block-heading\">Rappel du champ d&rsquo;action de l&rsquo;association:<\/h3>\n\n\n\n<p>Voici un sch\u00e9ma des actions actuelles de l\u2019association, qui \u00e9manent du projet associatif r\u00e9dig\u00e9 en 2016 :<\/p>\n\n\n\n<!--more-->\n\n\n\n<div data-wp-interactive=\"core\/file\" class=\"wp-block-file\"><object data-wp-bind--hidden=\"!state.hasPdfPreview\" hidden class=\"wp-block-file__embed\" data=\"https:\/\/velo-utile.fr\/site\/wp-content\/uploads\/2021\/09\/Objectifs_et_actions_VU-1.pdf\" type=\"application\/pdf\" style=\"width:100%;height:600px\" aria-label=\"Contenu embarqu\u00e9 Objectifs_et_actions_VU.\"><\/object><a id=\"wp-block-file--media-f70573e3-84c2-49f6-9af7-c37cf12b50e1\" href=\"https:\/\/velo-utile.fr\/site\/wp-content\/uploads\/2021\/09\/Objectifs_et_actions_VU-1.pdf\">Objectifs_et_actions_VU<\/a><a href=\"https:\/\/velo-utile.fr\/site\/wp-content\/uploads\/2021\/09\/Objectifs_et_actions_VU-1.pdf\" class=\"wp-block-file__button wp-element-button\" download aria-describedby=\"wp-block-file--media-f70573e3-84c2-49f6-9af7-c37cf12b50e1\">T\u00e9l\u00e9charger<\/a><\/div>\n\n\n\n<p>Actuellement l\u2019activit\u00e9 est r\u00e9partie sur diff\u00e9rents groupes, qui disposent d\u2019une certaine autonomie, en lien avec le CVU pour mener les projets.<\/p>\n\n\n\n<p><strong>Toutes les bonnes volont\u00e9s sont bienvenues, quelles que soient vos comp\u00e9tences!<\/strong><\/p>\n\n\n\n<p><strong>L\u2019AG est ouverte \u00e0 tous et toutes<\/strong><\/p>\n\n\n\n<p>Si vous ne pouvez pas venir, envoyer votre pouvoir (par mail ou bo\u00eete aux lettres de V\u00e9lo Utile) : <a href=\"https:\/\/velo-utile.fr\/site\/wp-content\/uploads\/2021\/09\/POUVOIR.01.pdf\">POUVOIR<\/a><br>Pour toute question : un mail \u00e0 <a href=\"mailto:contact@velo-utile.fr\">contact@velo-utile.fr<\/a>,<br>ou un message sur le r\u00e9pondeur : 02 57 18 06 38<\/p>\n","protected":false},"excerpt":{"rendered":"<p>Assembl\u00e9e G\u00e9n\u00e9rale de l&rsquo;association &#8211; 26\/09 d\u00e8s 11hLe rendez-vous annuel&#8230; A ne pas manquer ! L&rsquo;AG se d\u00e9roule au local de l&rsquo;association, 17 rue de Robien, Saint-Brieuc, \u00e0 partir de 11H.Au programme : rapport d&rsquo;activit\u00e9, rapport moral, bilan financier et<\/p>\n","protected":false},"author":12,"featured_media":0,"comment_status":"closed","ping_status":"closed","sticky":false,"template":"","format":"standard","meta":{"footnotes":""},"categories":[60,1,16],"tags":[],"class_list":["post-3080","post","type-post","status-publish","format-standard","hentry","category-actu","category-non-classe","category-vie-associative"],"_links":{"self":[{"href":"https:\/\/velo-utile.fr\/site\/wp-json\/wp\/v2\/posts\/3080","targetHints":{"allow":["GET"]}}],"collection":[{"href":"https:\/\/velo-utile.fr\/site\/wp-json\/wp\/v2\/posts"}],"about":[{"href":"https:\/\/velo-utile.fr\/site\/wp-json\/wp\/v2\/types\/post"}],"author":[{"embeddable":true,"href":"https:\/\/velo-utile.fr\/site\/wp-json\/wp\/v2\/users\/12"}],"replies":[{"embeddable":true,"href":"https:\/\/velo-utile.fr\/site\/wp-json\/wp\/v2\/comments?post=3080"}],"version-history":[{"count":4,"href":"https:\/\/velo-utile.fr\/site\/wp-json\/wp\/v2\/posts\/3080\/revisions"}],"predecessor-version":[{"id":6651,"href":"https:\/\/velo-utile.fr\/site\/wp-json\/wp\/v2\/posts\/3080\/revisions\/6651"}],"wp:attachment":[{"href":"https:\/\/velo-utile.fr\/site\/wp-json\/wp\/v2\/media?parent=3080"}],"wp:term":[{"taxonomy":"category","embeddable":true,"href":"https:\/\/velo-utile.fr\/site\/wp-json\/wp\/v2\/categories?post=3080"},{"taxonomy":"post_tag","embeddable":true,"href":"https:\/\/velo-utile.fr\/site\/wp-json\/wp\/v2\/tags?post=3080"}],"curies":[{"name":"wp","href":"https:\/\/api.w.org\/{rel}","templated":true}]}}