{"id":1737,"date":"2020-02-08T11:44:12","date_gmt":"2020-02-08T10:44:12","guid":{"rendered":"https:\/\/velo-utile.fr\/site\/?p=1737"},"modified":"2025-12-15T17:30:12","modified_gmt":"2025-12-15T16:30:12","slug":"palmares-du-barometre-parlons-velo-des-villes-cyclables-2019","status":"publish","type":"post","link":"https:\/\/velo-utile.fr\/site\/2020\/02\/palmares-du-barometre-parlons-velo-des-villes-cyclables-2019\/","title":{"rendered":"Palmar\u00e8s du Barom\u00e8tre Parlons v\u00e9lo des villes cyclables 2019 de la FUB"},"content":{"rendered":"<p>\u00ab\u00a0quelques belles progressions, mais une majorit\u00e9 de villes de France ont encore des efforts \u00e0 faire\u00a0\u00bb<\/p>\n<p><a href=\"https:\/\/www.fub.fr\/fub\/actualites\/palmares-barometre-parlons-velo-villes-cyclables-2019-quelques-belles-progressions\">INFOS RELAY\u00c9ES DEPUIS LE SITE DE LA FUB<\/a><\/p>\n<ul>\n<li><a href=\"https:\/\/www.fub.fr\/sites\/fub\/files\/fub\/Communiques\/dossier_de_presse_barometre_bd.pdf\">T\u00e9l\u00e9chargement du dossier de presse<\/a><\/li>\n<li><a href=\"https:\/\/palmares.parlons-velo.fr\">Acc\u00e8s \u00e0 la carte avec le Palmar\u00e8s du Barom\u00e8tre des Villes Cyclables 2019<\/a><\/li>\n<\/ul>\n<p>Gr\u00e2ce \u00e0 la forte mobilisation des associations du r\u00e9seau FUB, des collectivit\u00e9s et un relais in\u00e9dit de la presse locale, la participation au barom\u00e8tre Parlons v\u00e9lo des villes cyclables 2019 a \u00e9t\u00e9 tr\u00e8s importante. Pr\u00e8s de 185 000 r\u00e9ponses ont \u00e9t\u00e9 enregistr\u00e9es \u00e0 l\u2019\u00e9chelle nationale, soit une progression de +63 % par rapport \u00e0 l\u2019\u00e9dition 2017. Outil participatif de mesure du ressenti des politiques cyclables locales, le barom\u00e8tre devient ainsi l\u2019enqu\u00eate de ce type la plus massive dans le monde, alors qu\u2019elle n\u2019en est qu\u2019\u00e0 sa deuxi\u00e8me \u00e9dition.<\/p>\n<p>Les enseignements de l\u2019\u00e9dition 2019 du barom\u00e8tre Parlons v\u00e9lo des villes cyclables sont sans aucune ambigu\u00eft\u00e9 : les citoyens souhaitent un d\u00e9bat s\u00e9rieux sur la solution v\u00e9lo d\u00e9placement, partout en France.<\/p>\n<p><strong>Le v\u00e9lo est un enjeu bien au-del\u00e0 des coeurs des m\u00e9tropoles<\/strong><\/p>\n<p>L\u2019\u00e9dition 2019 fournit des donn\u00e9es tr\u00e8s pr\u00e9cises sur la cyclabilit\u00e9 de 768 villes de France, soit 445 de plus qu\u2019en 2017. Ainsi, la participation explose en dehors des m\u00e9tropoles, \u00e0 l\u2019image de Lavaur (Tarn, 10 500 habitants) qui passe d\u2019\u00e0 peine deux r\u00e9ponses, \u00e0 pr\u00e8s de 100.<\/p>\n<p><strong>Une cartographie in\u00e9dite et unique au monde des attentes citoyennes<\/strong><\/p>\n<p>Nouveaut\u00e9 de cette \u00e9dition, le module cartographique permettait \u00e0 chaque r\u00e9pondant.e d\u2019indiquer les trois endroits les plus dangereux \u00e0 v\u00e9lo dans sa pratique personnelle (\u00ab points noirs \u00bb) et les \u00ab axes prioritaires \u00bb, \u00e0 am\u00e9nager au plus vite. Ainsi, ce sont plus de 400 000 points noirs qui ont \u00e9t\u00e9 r\u00e9pertori\u00e9s, permettant \u00e0 la FUB de rendre publique la cartographie la plus pr\u00e9cise jamais r\u00e9alis\u00e9e des priorit\u00e9s citoyennes pour une France \u00e0 v\u00e9lo. Une aubaine pour les candidat.e.s aux municipales !<\/p>\n<p><strong>Les progr\u00e8s sont r\u00e9els, mais insuffisants<\/strong><\/p>\n<p>Si seules 43 villes sur les 768 class\u00e9es ont obtenu une note sup\u00e9rieure \u00e0 la moyenne, 40 % des r\u00e9pondants estiment n\u00e9anmoins que les conditions de circulation \u00e0 v\u00e9lo dans leur ville ont \u00e9volu\u00e9 positivement depuis deux ans. Cette perception des am\u00e9liorations varie avec la taille de la ville : de 27 % pour les villes de moins de 20 000 habitants \u00e0 56 % pour les villes de plus de 200 000 habitants.<\/p>\n<p><strong>Convertir l\u2019essai du plan v\u00e9lo national \u00e0 l\u2019\u00e9chelle locale<\/strong><\/p>\n<p>Les \u00e9lections de mars 2020 constituent une chance exceptionnelle pour se saisir au niveau local du plan national v\u00e9lo et des leviers de la Loi d\u2019Orientation des Mobilit\u00e9s promulgu\u00e9e le 26 d\u00e9cembre 2019. La mise en oeuvre d\u2019un v\u00e9ritable syst\u00e8me v\u00e9lo appartient \u00e0 tous : Etat, collectivit\u00e9s locales, employeurs, soci\u00e9t\u00e9 civile. La FUB et son r\u00e9seau de 337 associations locales sont pr\u00eats \u00e0 y contribuer de mani\u00e8re constructive.<\/p>\n<p>La FUB invite la presse, les candidat.e.s et les citoyens \u00e0 s\u2019emparer des r\u00e9sultats du barom\u00e8tre pour alimenter les d\u00e9bats dans chaque territoire : le v\u00e9lo doit trouver sa place partout.<\/p>\n<p>A un mois des \u00e9lections municipales, il est plus que temps de poursuivre la s\u00e9rie de campagnes \u00ab parlons v\u00e9lo \u00bb, avec l\u2019action \u00ab municipales 2020 \u00e0 v\u00e9lo \u00bb men\u00e9e sur municipales2020.parlons-velo.fr ! La FUB capitalise ainsi sur l\u2019engouement suscit\u00e9 par son barom\u00e8tre en permettant d\u2019interpeller l\u2019ensemble des candidats avec des propositions permettant de co-construire les 1 001 plans v\u00e9lo locaux, dont la France a besoin !<\/p>\n<p>&nbsp;<\/p>\n<p><img loading=\"lazy\" decoding=\"async\" class=\"alignleft size-full wp-image-1740\" src=\"https:\/\/velo-utile.fr\/site\/wp-content\/uploads\/2020\/02\/BAROMTRE2019VILLECYCLABE22.jpg\" alt=\"\" width=\"453\" height=\"608\" srcset=\"https:\/\/velo-utile.fr\/site\/wp-content\/uploads\/2020\/02\/BAROMTRE2019VILLECYCLABE22.jpg 453w, https:\/\/velo-utile.fr\/site\/wp-content\/uploads\/2020\/02\/BAROMTRE2019VILLECYCLABE22-224x300.jpg 224w\" sizes=\"auto, (max-width: 453px) 100vw, 453px\" \/><img loading=\"lazy\" decoding=\"async\" class=\"alignleft size-full wp-image-1738\" src=\"https:\/\/velo-utile.fr\/site\/wp-content\/uploads\/2020\/02\/BAROMTRE2019VILLECYCLABE.jpg\" alt=\"\" width=\"880\" height=\"400\" srcset=\"https:\/\/velo-utile.fr\/site\/wp-content\/uploads\/2020\/02\/BAROMTRE2019VILLECYCLABE.jpg 880w, https:\/\/velo-utile.fr\/site\/wp-content\/uploads\/2020\/02\/BAROMTRE2019VILLECYCLABE-600x273.jpg 600w, https:\/\/velo-utile.fr\/site\/wp-content\/uploads\/2020\/02\/BAROMTRE2019VILLECYCLABE-300x136.jpg 300w, https:\/\/velo-utile.fr\/site\/wp-content\/uploads\/2020\/02\/BAROMTRE2019VILLECYCLABE-768x349.jpg 768w\" sizes=\"auto, (max-width: 880px) 100vw, 880px\" \/><\/p>\n","protected":false},"excerpt":{"rendered":"<p>\u00ab\u00a0quelques belles progressions, mais une majorit\u00e9 de villes de France ont encore des efforts \u00e0 faire\u00a0\u00bb INFOS RELAY\u00c9ES DEPUIS LE SITE DE LA FUB T\u00e9l\u00e9chargement du dossier de presse Acc\u00e8s \u00e0 la carte avec le Palmar\u00e8s du Barom\u00e8tre des Villes<\/p>\n","protected":false},"author":22,"featured_media":1738,"comment_status":"closed","ping_status":"closed","sticky":false,"template":"","format":"standard","meta":{"footnotes":""},"categories":[2,67],"tags":[],"class_list":["post-1737","post","type-post","status-publish","format-standard","has-post-thumbnail","hentry","category-commission-amenagement","category-barometre"],"_links":{"self":[{"href":"https:\/\/velo-utile.fr\/site\/wp-json\/wp\/v2\/posts\/1737","targetHints":{"allow":["GET"]}}],"collection":[{"href":"https:\/\/velo-utile.fr\/site\/wp-json\/wp\/v2\/posts"}],"about":[{"href":"https:\/\/velo-utile.fr\/site\/wp-json\/wp\/v2\/types\/post"}],"author":[{"embeddable":true,"href":"https:\/\/velo-utile.fr\/site\/wp-json\/wp\/v2\/users\/22"}],"replies":[{"embeddable":true,"href":"https:\/\/velo-utile.fr\/site\/wp-json\/wp\/v2\/comments?post=1737"}],"version-history":[{"count":5,"href":"https:\/\/velo-utile.fr\/site\/wp-json\/wp\/v2\/posts\/1737\/revisions"}],"predecessor-version":[{"id":5219,"href":"https:\/\/velo-utile.fr\/site\/wp-json\/wp\/v2\/posts\/1737\/revisions\/5219"}],"wp:featuredmedia":[{"embeddable":true,"href":"https:\/\/velo-utile.fr\/site\/wp-json\/wp\/v2\/media\/1738"}],"wp:attachment":[{"href":"https:\/\/velo-utile.fr\/site\/wp-json\/wp\/v2\/media?parent=1737"}],"wp:term":[{"taxonomy":"category","embeddable":true,"href":"https:\/\/velo-utile.fr\/site\/wp-json\/wp\/v2\/categories?post=1737"},{"taxonomy":"post_tag","embeddable":true,"href":"https:\/\/velo-utile.fr\/site\/wp-json\/wp\/v2\/tags?post=1737"}],"curies":[{"name":"wp","href":"https:\/\/api.w.org\/{rel}","templated":true}]}}